{"id":1046,"date":"2019-02-06T11:10:30","date_gmt":"2019-02-06T11:10:30","guid":{"rendered":"http:\/\/ceak.org.br\/cavi\/?p=1046"},"modified":"2019-03-08T00:49:08","modified_gmt":"2019-03-08T00:49:08","slug":"dia-nacional-da-mamografia","status":"publish","type":"post","link":"https:\/\/ceak.org.br\/cavi\/dia-nacional-da-mamografia\/","title":{"rendered":"Dia Nacional da Mamografia"},"content":{"rendered":"<p>Foi a partir de um Projeto de Lei, de autoria de Maria do Ros\u00e1rio, institu\u00eddo em 2013, que 5 de fevereiro \u00e9 considerado o Dia Nacional da Mamografia para lembrar a import\u00e2ncia do diagn\u00f3stico precoce do c\u00e2ncer de mama.<\/p>\n<p>\u00c9 mais uma data, al\u00e9m do Outubro Rosa, para sensibilizar e conscientizar as mulheres para a preven\u00e7\u00e3o do c\u00e2ncer de mama.<\/p>\n<p>\u00c9 cientificamente comprovado que o quanto antes soubermos do diagn\u00f3stico maiores s\u00e3o as chances de cura.<\/p>\n<p>Bem, mas e o que \u00e9 mamografia? Segundo o site Wikip\u00e9dia, a mamografia ou mastografia \u00e9 um exame de rastreio por imagem, que tem como finalidade estudar o tecido mam\u00e1rio. Esse tipo de exame pode detectar um n\u00f3dulo, mesmo que este ainda n\u00e3o seja palp\u00e1vel.<\/p>\n<p>Para quem n\u00e3o tem casos na fam\u00edlia, os exames come\u00e7am a serem feitos `a partir dos 40 anos de idade, uma vez ao ano.<\/p>\n<p>Normalmente quem faz o acompanhamento da mulher \u00e9 seu ginecologista. Por isso, tenha um da sua confian\u00e7a!<\/p>\n<p>Mamografia na gravidez: pode ou n\u00e3o ser feita?<\/p>\n<p>De acordo com especialistas, ao suspeitar do c\u00e2ncer de mama durante a gesta\u00e7\u00e3o, \u00e9 recomendado que a mulher n\u00e3o fa\u00e7a o exame de mamografia, pois o mesmo cont\u00e9m certa carga de radia\u00e7\u00e3o que pode prejudicar na forma\u00e7\u00e3o do feto, como por exemplo, a agenesia (aus\u00eancia do osso que liga o joelho a bacia).<\/p>\n<p>O exame mais recomendado diante da suspeita da doen\u00e7a \u00e9 o de ultrassom, pois n\u00e3o exp\u00f5e a crian\u00e7a \u00e0 radia\u00e7\u00e3o e, assim, n\u00e3o prejudica na forma\u00e7\u00e3o do beb\u00ea.<br \/>\nAinda de acordo com especialistas, a mamografia s\u00f3 deve ser feita durante uma suspeita concreta de c\u00e2ncer, ou seja, quando as evid\u00eancias apontarem a exist\u00eancia da doen\u00e7a. Neste caso, o abd\u00f4men da gestante \u00e9 protegido por uma manta de chumbo, para que possa ser evitado qualquer tipo de dano na forma\u00e7\u00e3o da crian\u00e7a.<\/p>\n<pre>Fonte de pesquisa:\r\n http:\/\/www.saudenainternet.com.br\/portal_saude\/posso-fazer-a-mamografia-se-estou-gravida-.php\r\n http:\/\/www.mamorad.com.br\/medica-explica-verdades-e-mitos-da-mamografia-durante-a-gravidez\/<\/pre>\n","protected":false},"excerpt":{"rendered":"<p>Foi a partir de um Projeto de Lei, de autoria de Maria do Ros\u00e1rio, institu\u00eddo em 2013, que 5 de fevereiro \u00e9 considerado o Dia Nacional da Mamografia para lembrar a import\u00e2ncia do diagn\u00f3stico precoce do c\u00e2ncer de mama. \u00c9 mais uma data, al\u00e9m do Outubro Rosa, para sensibilizar e conscientizar as mulheres para a [&hellip;]\n","protected":false},"author":3,"featured_media":1041,"comment_status":"open","ping_status":"open","sticky":false,"template":"","format":"standard","meta":[],"categories":[9],"tags":[],"_links":{"self":[{"href":"https:\/\/ceak.org.br\/cavi\/wp-json\/wp\/v2\/posts\/1046"}],"collection":[{"href":"https:\/\/ceak.org.br\/cavi\/wp-json\/wp\/v2\/posts"}],"about":[{"href":"https:\/\/ceak.org.br\/cavi\/wp-json\/wp\/v2\/types\/post"}],"author":[{"embeddable":true,"href":"https:\/\/ceak.org.br\/cavi\/wp-json\/wp\/v2\/users\/3"}],"replies":[{"embeddable":true,"href":"https:\/\/ceak.org.br\/cavi\/wp-json\/wp\/v2\/comments?post=1046"}],"version-history":[{"count":1,"href":"https:\/\/ceak.org.br\/cavi\/wp-json\/wp\/v2\/posts\/1046\/revisions"}],"predecessor-version":[{"id":1048,"href":"https:\/\/ceak.org.br\/cavi\/wp-json\/wp\/v2\/posts\/1046\/revisions\/1048"}],"wp:featuredmedia":[{"embeddable":true,"href":"https:\/\/ceak.org.br\/cavi\/wp-json\/wp\/v2\/media\/1041"}],"wp:attachment":[{"href":"https:\/\/ceak.org.br\/cavi\/wp-json\/wp\/v2\/media?parent=1046"}],"wp:term":[{"taxonomy":"category","embeddable":true,"href":"https:\/\/ceak.org.br\/cavi\/wp-json\/wp\/v2\/categories?post=1046"},{"taxonomy":"post_tag","embeddable":true,"href":"https:\/\/ceak.org.br\/cavi\/wp-json\/wp\/v2\/tags?post=1046"}],"curies":[{"name":"wp","href":"https:\/\/api.w.org\/{rel}","templated":true}]}}