{"id":1200,"date":"2020-03-15T14:09:59","date_gmt":"2020-03-15T14:09:59","guid":{"rendered":"https:\/\/ceak.org.br\/cavi\/?p=1200"},"modified":"2020-09-09T00:40:42","modified_gmt":"2020-09-09T00:40:42","slug":"mais-uma-delicia-da-oficina-kit-festa-faca-e-facil","status":"publish","type":"post","link":"https:\/\/ceak.org.br\/cavi\/mais-uma-delicia-da-oficina-kit-festa-faca-e-facil\/","title":{"rendered":"Mais uma del\u00edcia da Oficina Kit Festa &#8211; Fa\u00e7a \u00e9 F\u00e1cil!"},"content":{"rendered":"<p>Em 12\u00a0de mar\u00e7o as nossas assistidas tiveram o gostinho de colocar a m\u00e3o na massa literalmente, todas animad\u00edssimas para aprenderem a primeira receita<strong>: bolinha de queijo. Essa \u00e9 a oficina Kit Festa &#8211; Fa\u00e7a \u00e9 F\u00e1cil!<\/strong><\/p>\n<p><strong>Veja como aconteceu esse momento del\u00edcia:<\/strong><\/p>\n\n\t\t<style type=\"text\/css\">\n\t\t\t#gallery-1 {\n\t\t\t\tmargin: auto;\n\t\t\t}\n\t\t\t#gallery-1 .gallery-item {\n\t\t\t\tfloat: left;\n\t\t\t\tmargin-top: 10px;\n\t\t\t\ttext-align: center;\n\t\t\t\twidth: 33%;\n\t\t\t}\n\t\t\t#gallery-1 img {\n\t\t\t\tborder: 2px solid #cfcfcf;\n\t\t\t}\n\t\t\t#gallery-1 .gallery-caption {\n\t\t\t\tmargin-left: 0;\n\t\t\t}\n\t\t\t\/* see gallery_shortcode() in wp-includes\/media.php *\/\n\t\t<\/style>\n\t\t<div id='gallery-1' class='gallery galleryid-1200 gallery-columns-3 gallery-size-thumbnail'><dl class='gallery-item'>\n\t\t\t<dt class='gallery-icon portrait'>\n\t\t\t\t<a href='https:\/\/ceak.org.br\/cavi\/mais-uma-delicia-da-oficina-kit-festa-faca-e-facil\/attachment\/1\/#main'><img width=\"340\" height=\"340\" src=\"https:\/\/ceak.org.br\/cavi\/wp-content\/uploads\/2020\/09\/1-340x340.jpg\" class=\"attachment-thumbnail size-thumbnail\" alt=\"\" loading=\"lazy\" srcset=\"https:\/\/ceak.org.br\/cavi\/wp-content\/uploads\/2020\/09\/1-340x340.jpg 340w, https:\/\/ceak.org.br\/cavi\/wp-content\/uploads\/2020\/09\/1-180x180.jpg 180w, https:\/\/ceak.org.br\/cavi\/wp-content\/uploads\/2020\/09\/1-300x300.jpg 300w, https:\/\/ceak.org.br\/cavi\/wp-content\/uploads\/2020\/09\/1-600x600.jpg 600w\" sizes=\"(max-width: 340px) 100vw, 340px\" \/><\/a>\n\t\t\t<\/dt><\/dl><dl class='gallery-item'>\n\t\t\t<dt class='gallery-icon portrait'>\n\t\t\t\t<a href='https:\/\/ceak.org.br\/cavi\/mais-uma-delicia-da-oficina-kit-festa-faca-e-facil\/attachment\/2\/#main'><img width=\"340\" height=\"340\" src=\"https:\/\/ceak.org.br\/cavi\/wp-content\/uploads\/2020\/09\/2-340x340.jpg\" class=\"attachment-thumbnail size-thumbnail\" alt=\"\" loading=\"lazy\" srcset=\"https:\/\/ceak.org.br\/cavi\/wp-content\/uploads\/2020\/09\/2-340x340.jpg 340w, https:\/\/ceak.org.br\/cavi\/wp-content\/uploads\/2020\/09\/2-180x180.jpg 180w, https:\/\/ceak.org.br\/cavi\/wp-content\/uploads\/2020\/09\/2-300x300.jpg 300w, https:\/\/ceak.org.br\/cavi\/wp-content\/uploads\/2020\/09\/2-600x600.jpg 600w\" sizes=\"(max-width: 340px) 100vw, 340px\" \/><\/a>\n\t\t\t<\/dt><\/dl><dl class='gallery-item'>\n\t\t\t<dt class='gallery-icon portrait'>\n\t\t\t\t<a href='https:\/\/ceak.org.br\/cavi\/mais-uma-delicia-da-oficina-kit-festa-faca-e-facil\/attachment\/3\/#main'><img width=\"340\" height=\"340\" src=\"https:\/\/ceak.org.br\/cavi\/wp-content\/uploads\/2020\/09\/3-340x340.jpg\" class=\"attachment-thumbnail size-thumbnail\" alt=\"\" loading=\"lazy\" srcset=\"https:\/\/ceak.org.br\/cavi\/wp-content\/uploads\/2020\/09\/3-340x340.jpg 340w, https:\/\/ceak.org.br\/cavi\/wp-content\/uploads\/2020\/09\/3-180x180.jpg 180w, https:\/\/ceak.org.br\/cavi\/wp-content\/uploads\/2020\/09\/3-300x300.jpg 300w, https:\/\/ceak.org.br\/cavi\/wp-content\/uploads\/2020\/09\/3-600x600.jpg 600w\" sizes=\"(max-width: 340px) 100vw, 340px\" \/><\/a>\n\t\t\t<\/dt><\/dl><br style=\"clear: both\" \/>\n\t\t<\/div>\n\n<h2>Oficina Kit Festa \u2013 Fa\u00e7a \u00e9 F\u00e1cil<\/h2>\n<p>A Oficina Kit Festa &#8211; Fa\u00e7a \u00e9 f\u00e1cil \u00e9 voltada ao empreendedorismo no qual as mam\u00e3es podem desenvolver uma atividade e atuar\u00a0tamb\u00e9m no ambiente domiciliar.<\/p>\n<p>As aulas transmitem conhecimentos te\u00f3ricos e pr\u00e1ticos para a prepara\u00e7\u00e3o de doces e salgados, assim como orienta\u00e7\u00e3o para c\u00e1lculo de custos (mat\u00e9ria-prima, energia, etc.) e precifica\u00e7\u00e3o do produto final.<\/p>\n<p>Para participar das oficinas para gestantes basta ligar no n\u00famero\u00a0<strong>(19) 3237-2019 ou (19) 9 8926-6852<\/strong>\u00a0e agendar uma entrevista com a Assistente Social.<\/p>\n","protected":false},"excerpt":{"rendered":"<p>Em 12\u00a0de mar\u00e7o as nossas assistidas tiveram o gostinho de colocar a m\u00e3o na massa literalmente, todas animad\u00edssimas para aprenderem a primeira receita: bolinha de queijo. Essa \u00e9 a oficina Kit Festa &#8211; Fa\u00e7a \u00e9 F\u00e1cil! Veja como aconteceu esse momento del\u00edcia: Oficina Kit Festa \u2013 Fa\u00e7a \u00e9 F\u00e1cil A Oficina Kit Festa &#8211; Fa\u00e7a [&hellip;]\n","protected":false},"author":4,"featured_media":1221,"comment_status":"open","ping_status":"open","sticky":false,"template":"","format":"standard","meta":[],"categories":[11,8,24],"tags":[29,26,25,27],"_links":{"self":[{"href":"https:\/\/ceak.org.br\/cavi\/wp-json\/wp\/v2\/posts\/1200"}],"collection":[{"href":"https:\/\/ceak.org.br\/cavi\/wp-json\/wp\/v2\/posts"}],"about":[{"href":"https:\/\/ceak.org.br\/cavi\/wp-json\/wp\/v2\/types\/post"}],"author":[{"embeddable":true,"href":"https:\/\/ceak.org.br\/cavi\/wp-json\/wp\/v2\/users\/4"}],"replies":[{"embeddable":true,"href":"https:\/\/ceak.org.br\/cavi\/wp-json\/wp\/v2\/comments?post=1200"}],"version-history":[{"count":3,"href":"https:\/\/ceak.org.br\/cavi\/wp-json\/wp\/v2\/posts\/1200\/revisions"}],"predecessor-version":[{"id":1208,"href":"https:\/\/ceak.org.br\/cavi\/wp-json\/wp\/v2\/posts\/1200\/revisions\/1208"}],"wp:featuredmedia":[{"embeddable":true,"href":"https:\/\/ceak.org.br\/cavi\/wp-json\/wp\/v2\/media\/1221"}],"wp:attachment":[{"href":"https:\/\/ceak.org.br\/cavi\/wp-json\/wp\/v2\/media?parent=1200"}],"wp:term":[{"taxonomy":"category","embeddable":true,"href":"https:\/\/ceak.org.br\/cavi\/wp-json\/wp\/v2\/categories?post=1200"},{"taxonomy":"post_tag","embeddable":true,"href":"https:\/\/ceak.org.br\/cavi\/wp-json\/wp\/v2\/tags?post=1200"}],"curies":[{"name":"wp","href":"https:\/\/api.w.org\/{rel}","templated":true}]}}