{"id":1475,"date":"2022-06-21T14:22:20","date_gmt":"2022-06-21T14:22:20","guid":{"rendered":"https:\/\/ceak.org.br\/cavi\/?p=1475"},"modified":"2022-06-21T14:22:21","modified_gmt":"2022-06-21T14:22:21","slug":"confira-os-nossos-resultados","status":"publish","type":"post","link":"https:\/\/ceak.org.br\/cavi\/confira-os-nossos-resultados\/","title":{"rendered":"Confira os nossos resultados!"},"content":{"rendered":"<p>\u200bUma das nossas prioridades \u00e9 a transpar\u00eancia com nossos doadores. Por isso, hoje, divulgamos o&nbsp;<strong>resultado da campanha de prorroga\u00e7\u00e3o do Imposto de Renda 2022<\/strong>. Sua ajuda \u00e9 muito importante para n\u00f3s, pois contribui para promover os servi\u00e7os realizados com as gestantes atendidas pela Casa de Apoio \u00e0 Vida.&nbsp;<\/p>\n<p><strong>Veja o resultado:<\/strong><\/p>\n<p>\u200b<strong>O valor total captado pela Campanha de Imposto de Renda 2022 foi de R$ 46.939,06,<\/strong> sendo que 20% do valor arrecadado fica com o FMDCA (Fundo Municipal da Crian\u00e7a e Adolescente), totalizando repasse de <strong>R$37.551,25.\u00a0<\/strong><\/p>\n<figure class=\"wp-block-image size-large\"><img loading=\"lazy\" width=\"886\" height=\"147\" src=\"https:\/\/ceak.org.br\/cavi\/wp-content\/uploads\/2022\/06\/image.png\" alt=\"\" class=\"wp-image-1477\" srcset=\"https:\/\/ceak.org.br\/cavi\/wp-content\/uploads\/2022\/06\/image.png 886w, https:\/\/ceak.org.br\/cavi\/wp-content\/uploads\/2022\/06\/image-800x133.png 800w, https:\/\/ceak.org.br\/cavi\/wp-content\/uploads\/2022\/06\/image-768x127.png 768w, https:\/\/ceak.org.br\/cavi\/wp-content\/uploads\/2022\/06\/image-600x100.png 600w\" sizes=\"(max-width: 886px) 100vw, 886px\" \/><\/figure>\n<p>Esse valor ser\u00e1 creditado ao longo do ano de 2023.<\/p>\n<p>Acesse o relat\u00f3rio da CAVI de 2021 e saiba mais sobre o nosso trabalho, <a href=\"https:\/\/u1823094.ct.sendgrid.net\/ls\/click?upn=hPYrwxPE9t9WQdDafobTCnzIaIsCiv7ntSuOCqxyr5MgTQNQfKMfOkH6slYbWOPxVmrj_teUpoUEouv1PFf-2BShOzaa77eXnptUph1DkeftCBX9f8TvM9HLmYzJRiiDXWTu7jnRIpg-2BbavX6rg8LlYv-2BtrEcFbQXon2hggGcqPii5M-2FoarJIc5a4etAGJ1KbSLqSd9ckLxgj3w54oM3cLP4Uyc7NhER2S0WK3llyyjaysG7MyVj-2BFCUdj863-2BBg1qG8tOwcHbWDHrvJNhKXQwQP0eOzaJO2zVrBO8mH36bv8EVUsA-3D\" target=\"_blank\" rel=\"noreferrer noopener\">clique aqui<\/a>.<\/p>\n<p><strong>Junto com voc\u00ea conquistamos mais que n\u00fameros! Conquistamos a possibilidade de tornar nosso trabalho transformador na vida das pessoas.<\/strong><\/p>\n<p>Muito obrigado por apoiar o nosso trabalho!<\/p>\n<p><strong>Um abra\u00e7o,<\/strong><br \/><strong>Equipe CEAK<\/strong><\/p>\n<div class=\"wp-block-image\">\n<figure class=\"aligncenter size-large is-resized\"><img loading=\"lazy\" src=\"https:\/\/ceak.org.br\/cavi\/wp-content\/uploads\/2022\/06\/Logo-CAVI.png\" alt=\"\" class=\"wp-image-1476\" width=\"368\" height=\"130\" srcset=\"https:\/\/ceak.org.br\/cavi\/wp-content\/uploads\/2022\/06\/Logo-CAVI.png 800w, https:\/\/ceak.org.br\/cavi\/wp-content\/uploads\/2022\/06\/Logo-CAVI-768x272.png 768w, https:\/\/ceak.org.br\/cavi\/wp-content\/uploads\/2022\/06\/Logo-CAVI-600x212.png 600w\" sizes=\"(max-width: 368px) 100vw, 368px\" \/><\/figure>\n<\/div>\n","protected":false},"excerpt":{"rendered":"<p>\u200bUma das nossas prioridades \u00e9 a transpar\u00eancia com nossos doadores. Por isso, hoje, divulgamos o&nbsp;resultado da campanha de prorroga\u00e7\u00e3o do Imposto de Renda 2022. Sua ajuda \u00e9 muito importante para n\u00f3s, pois contribui para promover os servi\u00e7os realizados com as gestantes atendidas pela Casa de Apoio \u00e0 Vida.&nbsp; Veja o resultado: \u200bO valor total captado [&hellip;]\n","protected":false},"author":4,"featured_media":1478,"comment_status":"open","ping_status":"open","sticky":false,"template":"","format":"standard","meta":[],"categories":[11,23],"tags":[],"_links":{"self":[{"href":"https:\/\/ceak.org.br\/cavi\/wp-json\/wp\/v2\/posts\/1475"}],"collection":[{"href":"https:\/\/ceak.org.br\/cavi\/wp-json\/wp\/v2\/posts"}],"about":[{"href":"https:\/\/ceak.org.br\/cavi\/wp-json\/wp\/v2\/types\/post"}],"author":[{"embeddable":true,"href":"https:\/\/ceak.org.br\/cavi\/wp-json\/wp\/v2\/users\/4"}],"replies":[{"embeddable":true,"href":"https:\/\/ceak.org.br\/cavi\/wp-json\/wp\/v2\/comments?post=1475"}],"version-history":[{"count":1,"href":"https:\/\/ceak.org.br\/cavi\/wp-json\/wp\/v2\/posts\/1475\/revisions"}],"predecessor-version":[{"id":1479,"href":"https:\/\/ceak.org.br\/cavi\/wp-json\/wp\/v2\/posts\/1475\/revisions\/1479"}],"wp:featuredmedia":[{"embeddable":true,"href":"https:\/\/ceak.org.br\/cavi\/wp-json\/wp\/v2\/media\/1478"}],"wp:attachment":[{"href":"https:\/\/ceak.org.br\/cavi\/wp-json\/wp\/v2\/media?parent=1475"}],"wp:term":[{"taxonomy":"category","embeddable":true,"href":"https:\/\/ceak.org.br\/cavi\/wp-json\/wp\/v2\/categories?post=1475"},{"taxonomy":"post_tag","embeddable":true,"href":"https:\/\/ceak.org.br\/cavi\/wp-json\/wp\/v2\/tags?post=1475"}],"curies":[{"name":"wp","href":"https:\/\/api.w.org\/{rel}","templated":true}]}}