{"id":1564,"date":"2023-11-23T14:39:48","date_gmt":"2023-11-23T14:39:48","guid":{"rendered":"https:\/\/ceak.org.br\/cavi\/?p=1564"},"modified":"2023-11-23T14:39:49","modified_gmt":"2023-11-23T14:39:49","slug":"novembro-azul-se-cuidar-tambem-e-um-ato-de-coragem","status":"publish","type":"post","link":"https:\/\/ceak.org.br\/cavi\/novembro-azul-se-cuidar-tambem-e-um-ato-de-coragem\/","title":{"rendered":"Novembro azul: se cuidar tamb\u00e9m \u00e9 um ato de coragem!"},"content":{"rendered":"<p>Segundo o Instituto Nacional de C\u00e2ncer (INCA), o c\u00e2ncer de pr\u00f3stata \u00e9 o segundo tipo de c\u00e2ncer que mais causa \u00f3bito na popula\u00e7\u00e3o masculina em todo o pa\u00eds.<\/p>\n<p>Este tipo de c\u00e2ncer \u00e9 mais incidente em homens a partir dos 60 anos de idade e em homens a partir dos 45 anos que possuam fatores de risco, como casos da doen\u00e7a na fam\u00edlia. Al\u00e9m desses fatores j\u00e1 citados, o sedentarismo, o tabagismo, o consumo abusivo de \u00e1lcool e uma m\u00e1 alimenta\u00e7\u00e3o tamb\u00e9m podem contribuir para o surgimento da doen\u00e7a.<\/p>\n<p>O diagn\u00f3stico precoce ainda \u00e9 a melhor forma de cura do c\u00e2ncer de pr\u00f3stata. Por isso, \u00e9 importante que homens ap\u00f3s os 45 anos de idade procurem um m\u00e9dico urologista para realizar os exames preventivos que podem identificar a doen\u00e7a ainda no in\u00edcio, aumentando consideravelmente as chances de cura.<\/p>\n<p><strong><em>Se cuidar tamb\u00e9m \u00e9 um ato de coragem!<\/em><\/strong><\/p>\n","protected":false},"excerpt":{"rendered":"<p>Segundo o Instituto Nacional de C\u00e2ncer (INCA), o c\u00e2ncer de pr\u00f3stata \u00e9 o segundo tipo de c\u00e2ncer que mais causa \u00f3bito na popula\u00e7\u00e3o masculina em todo o pa\u00eds. Este tipo de c\u00e2ncer \u00e9 mais incidente em homens a partir dos 60 anos de idade e em homens a partir dos 45 anos que possuam fatores [&hellip;]\n","protected":false},"author":4,"featured_media":1565,"comment_status":"open","ping_status":"open","sticky":false,"template":"","format":"standard","meta":[],"categories":[23],"tags":[],"_links":{"self":[{"href":"https:\/\/ceak.org.br\/cavi\/wp-json\/wp\/v2\/posts\/1564"}],"collection":[{"href":"https:\/\/ceak.org.br\/cavi\/wp-json\/wp\/v2\/posts"}],"about":[{"href":"https:\/\/ceak.org.br\/cavi\/wp-json\/wp\/v2\/types\/post"}],"author":[{"embeddable":true,"href":"https:\/\/ceak.org.br\/cavi\/wp-json\/wp\/v2\/users\/4"}],"replies":[{"embeddable":true,"href":"https:\/\/ceak.org.br\/cavi\/wp-json\/wp\/v2\/comments?post=1564"}],"version-history":[{"count":1,"href":"https:\/\/ceak.org.br\/cavi\/wp-json\/wp\/v2\/posts\/1564\/revisions"}],"predecessor-version":[{"id":1566,"href":"https:\/\/ceak.org.br\/cavi\/wp-json\/wp\/v2\/posts\/1564\/revisions\/1566"}],"wp:featuredmedia":[{"embeddable":true,"href":"https:\/\/ceak.org.br\/cavi\/wp-json\/wp\/v2\/media\/1565"}],"wp:attachment":[{"href":"https:\/\/ceak.org.br\/cavi\/wp-json\/wp\/v2\/media?parent=1564"}],"wp:term":[{"taxonomy":"category","embeddable":true,"href":"https:\/\/ceak.org.br\/cavi\/wp-json\/wp\/v2\/categories?post=1564"},{"taxonomy":"post_tag","embeddable":true,"href":"https:\/\/ceak.org.br\/cavi\/wp-json\/wp\/v2\/tags?post=1564"}],"curies":[{"name":"wp","href":"https:\/\/api.w.org\/{rel}","templated":true}]}}