{"id":11393,"date":"2021-11-22T10:24:16","date_gmt":"2021-11-22T13:24:16","guid":{"rendered":"https:\/\/ceak.org.br\/ceak\/?p=11393"},"modified":"2025-10-28T18:54:43","modified_gmt":"2025-10-28T21:54:43","slug":"vibracao-de-natal-ceak","status":"publish","type":"post","link":"https:\/\/ceak.org.br\/ceak\/vibracao-de-natal-ceak\/","title":{"rendered":"Vibra\u00e7\u00e3o de Natal CEAK"},"content":{"rendered":"<p class=\"has-white-background-color has-background\">Nossa Vibra\u00e7\u00e3o de Natal est\u00e1 chegando! Ser\u00e1 dia <strong>18 de dezembro (s\u00e1bado), a partir das 19h<\/strong>. Com o tema<strong> &#8220;Fam\u00edlia, Celeiro Universal&#8221;<\/strong>, este ano ser\u00e1 de forma h\u00edbrida: <strong>on-line ao vivo<\/strong> pelo nosso canal no YouTube <strong>+ presencial, no CEAK Sede. <\/strong><\/p>\n<p class=\"has-white-background-color has-background\"><strong>Devido \u00e0s restri\u00e7\u00f5es para conten\u00e7\u00e3o e cuidados com a transmiss\u00e3o da COVID-19, estamos com o atendimento rigoroso \u00e0s regras de distanciamento, uso de m\u00e1scaras de forma correta e disponibiliza\u00e7\u00e3o de \u00e1lcool em gel nos corredores. Por isso, <em>as inscri\u00e7\u00f5es t\u00eam n\u00famero limitado!<\/em><\/strong> <\/p>\n<p class=\"has-white-color has-luminous-vivid-amber-background-color has-text-color has-background\"><a href=\"https:\/\/forms.gle\/mnnzL1bENLuyRmqR8\"><strong>AS INSCRI\u00c7\u00d5ES J\u00c1 EST\u00c3O ABERTAS. CLIQUE AQUI E FA\u00c7A A SUA AGORA MESMO!<\/strong><\/a><\/p>\n<p><strong>Confira a programa\u00e7\u00e3o:<\/strong><\/p>\n<ul>\n<li>Acolhimento com m\u00fasica<br \/>Abertura &#8211; boas-vindas e prece<\/li>\n<li>Reflex\u00e3o<\/li>\n<li>Leitura da mensagem &#8220;Can\u00e7\u00e3o para Jesus (Meimei &#8211; Chico Xavier)<\/li>\n<li>Vibra\u00e7\u00e3o<\/li>\n<\/ul>\n<pre class=\"wp-block-verse\">Veja os v\u00eddeos que nossos companheiros e suas fam\u00edlias prepararam para este momento. Vamos ver o recado que cada fam\u00edlia tem para nos dar?<\/pre>\n<div class=\"wp-block-media-text alignwide has-media-on-the-right is-stacked-on-mobile has-pale-cyan-blue-color has-text-color has-background\" style=\"background-color:#d3dae0;grid-template-columns:auto 42%\">\n<figure class=\"wp-block-media-text__media\"><video controls src=\"https:\/\/drive.google.com\/file\/d\/1zRntMRZYjM0aHYQ4ByDFg3V-yfeV6_Pw\/view?usp=sharing\"><\/video><\/figure>\n<div class=\"wp-block-media-text__content\">\n<p class=\"has-text-align-center\"><strong><a href=\"https:\/\/drive.google.com\/file\/d\/1zRntMRZYjM0aHYQ4ByDFg3V-yfeV6_Pw\/view?usp=sharing\">Da Fam\u00edlia COSTA para a Fam\u00edlia CEAK<\/a><\/strong><a href=\"https:\/\/drive.google.com\/file\/d\/1zRntMRZYjM0aHYQ4ByDFg3V-yfeV6_Pw\/view?usp=sharing\"><img loading=\"lazy\" width=\"1923\" height=\"456\" class=\"wp-image-11410\" style=\"width: 400px;\" src=\"https:\/\/ceak.org.br\/ceak\/wp-content\/uploads\/2016\/01\/SLIDER-2.jpg\" alt=\"\" srcset=\"https:\/\/ceak.org.br\/ceak\/wp-content\/uploads\/2016\/01\/SLIDER-2.jpg 1923w, https:\/\/ceak.org.br\/ceak\/wp-content\/uploads\/2016\/01\/SLIDER-2-300x71.jpg 300w, https:\/\/ceak.org.br\/ceak\/wp-content\/uploads\/2016\/01\/SLIDER-2-1024x243.jpg 1024w, https:\/\/ceak.org.br\/ceak\/wp-content\/uploads\/2016\/01\/SLIDER-2-768x182.jpg 768w, https:\/\/ceak.org.br\/ceak\/wp-content\/uploads\/2016\/01\/SLIDER-2-1536x364.jpg 1536w, https:\/\/ceak.org.br\/ceak\/wp-content\/uploads\/2016\/01\/SLIDER-2-600x142.jpg 600w\" sizes=\"(max-width: 1923px) 100vw, 1923px\" \/><\/a><\/p>\n<\/div>\n<\/div>\n<div class=\"wp-block-media-text alignwide has-media-on-the-right is-stacked-on-mobile has-pale-cyan-blue-color has-text-color has-background\" style=\"background-color:#d3dae0;grid-template-columns:auto 42%\">\n<figure class=\"wp-block-media-text__media\"><video controls src=\"https:\/\/drive.google.com\/file\/d\/1zRntMRZYjM0aHYQ4ByDFg3V-yfeV6_Pw\/view?usp=sharing\"><\/video><\/figure>\n<div class=\"wp-block-media-text__content\">\n<p class=\"has-text-align-center\"><strong><a href=\"https:\/\/drive.google.com\/file\/d\/1EkzN_wbHBAImA_JJEugWySyoR1fqk7Dd\/view?usp=sharing\">Da Fam\u00edlia SILVA para a Fam\u00edlia CEAK<\/a><\/strong><a href=\"https:\/\/drive.google.com\/file\/d\/1EkzN_wbHBAImA_JJEugWySyoR1fqk7Dd\/view?usp=sharing\"><img loading=\"lazy\" width=\"1923\" height=\"456\" class=\"wp-image-11410\" style=\"width: 400px;\" src=\"https:\/\/ceak.org.br\/ceak\/wp-content\/uploads\/2016\/01\/SLIDER-2.jpg\" alt=\"\" srcset=\"https:\/\/ceak.org.br\/ceak\/wp-content\/uploads\/2016\/01\/SLIDER-2.jpg 1923w, https:\/\/ceak.org.br\/ceak\/wp-content\/uploads\/2016\/01\/SLIDER-2-300x71.jpg 300w, https:\/\/ceak.org.br\/ceak\/wp-content\/uploads\/2016\/01\/SLIDER-2-1024x243.jpg 1024w, https:\/\/ceak.org.br\/ceak\/wp-content\/uploads\/2016\/01\/SLIDER-2-768x182.jpg 768w, https:\/\/ceak.org.br\/ceak\/wp-content\/uploads\/2016\/01\/SLIDER-2-1536x364.jpg 1536w, https:\/\/ceak.org.br\/ceak\/wp-content\/uploads\/2016\/01\/SLIDER-2-600x142.jpg 600w\" sizes=\"(max-width: 1923px) 100vw, 1923px\" \/><\/a><\/p>\n<\/div>\n<\/div>\n","protected":false},"excerpt":{"rendered":"<p>Vibra\u00e7\u00e3o de Natal CEAK 2021: 18 de novembro, a partir das 19h &#8211; CEAK Sede (presencial) + canal YouTube CEAK (on-line).<\/p>\n","protected":false},"author":2,"featured_media":11403,"comment_status":"closed","ping_status":"open","sticky":false,"template":"","format":"standard","meta":[],"categories":[32],"tags":[],"_links":{"self":[{"href":"https:\/\/ceak.org.br\/ceak\/wp-json\/wp\/v2\/posts\/11393"}],"collection":[{"href":"https:\/\/ceak.org.br\/ceak\/wp-json\/wp\/v2\/posts"}],"about":[{"href":"https:\/\/ceak.org.br\/ceak\/wp-json\/wp\/v2\/types\/post"}],"author":[{"embeddable":true,"href":"https:\/\/ceak.org.br\/ceak\/wp-json\/wp\/v2\/users\/2"}],"replies":[{"embeddable":true,"href":"https:\/\/ceak.org.br\/ceak\/wp-json\/wp\/v2\/comments?post=11393"}],"version-history":[{"count":12,"href":"https:\/\/ceak.org.br\/ceak\/wp-json\/wp\/v2\/posts\/11393\/revisions"}],"predecessor-version":[{"id":11647,"href":"https:\/\/ceak.org.br\/ceak\/wp-json\/wp\/v2\/posts\/11393\/revisions\/11647"}],"wp:featuredmedia":[{"embeddable":true,"href":"https:\/\/ceak.org.br\/ceak\/wp-json\/wp\/v2\/media\/11403"}],"wp:attachment":[{"href":"https:\/\/ceak.org.br\/ceak\/wp-json\/wp\/v2\/media?parent=11393"}],"wp:term":[{"taxonomy":"category","embeddable":true,"href":"https:\/\/ceak.org.br\/ceak\/wp-json\/wp\/v2\/categories?post=11393"},{"taxonomy":"post_tag","embeddable":true,"href":"https:\/\/ceak.org.br\/ceak\/wp-json\/wp\/v2\/tags?post=11393"}],"curies":[{"name":"wp","href":"https:\/\/api.w.org\/{rel}","templated":true}]}}