{"id":1367,"date":"2017-11-03T02:46:44","date_gmt":"2017-11-03T02:46:44","guid":{"rendered":"http:\/\/ceak.org.br\/ceak\/?p=1367"},"modified":"2025-10-28T18:54:50","modified_gmt":"2025-10-28T21:54:50","slug":"festival-do-livro-ceak_2017","status":"publish","type":"post","link":"https:\/\/ceak.org.br\/ceak\/festival-do-livro-ceak_2017\/","title":{"rendered":"Festival do Livro CEAK 2017"},"content":{"rendered":"[vc_row][vc_column][vc_column_text]\n<h1>Festival do Livro CEAK 2017<\/h1>\n[\/vc_column_text][\/vc_column][\/vc_row][vc_row][vc_column][vc_column_text]\n<p>Em sua 10\u00aa edi\u00e7\u00e3o e com o tema &#8220;Ler para conhecer, estudar para transformar&#8221;, o Festival do Livro deste ano contou com o envolvimento de mais de 400 volunt\u00e1rios que trabalharam durante todo o ano para a realiza\u00e7\u00e3o do evento que recebeu mais de 1 mil visitantes e vendeu cerca de 7 mil livros.<\/p>\n<p>A festa foi completa e em clima de muita fraternidade e harmonia. O CEAK deixa aqui registrada a sua GRATID\u00c3O a todos os envolvidos e presentes nessa grande festa de confraterniza\u00e7\u00e3o que tem como principal objetivo a divulga\u00e7\u00e3o da doutrina esp\u00edrita. Veja como foi o 10\u00ba Festival do Livro Esp\u00edrita do CEAK!<\/p>\n<p>Para mais informa\u00e7\u00f5es sobre o evento <a href=\"http:\/\/www.ceak.org.br\/festivaldolivro\" target=\"_blank\" rel=\"noopener\">clique aqui<\/a>.<\/p>\n[\/vc_column_text][\/vc_column][\/vc_row][vc_row][vc_column][vc_gallery type=&#8221;image_grid&#8221; images=&#8221;1105,1106,1107,1108,1109,1110,1111,1112,1113,1114,1115,1116,1117,1118,1119,1120,1121,1122,1123,1124,1125,1126,1127,1128,1129,1130,1131,1132,1133,1134,1135,1136,1137,1138,1139,1140,1141,1142,1143,1144,1145,1146,1147,1148,1149,1150,1151,1152,1153,1154,1155,1156,1157,1158,1159,1160,1161,1162,1163,1164,1165,1166,1167,1168,1169,1170,1171,1172,1173,1174,1175,1176,1177,1178,1179,1180,1181,1182,1183,1184,1185,1186,1187,1188,1189,1190,1191,1192,1193,1194,1195,1196,1197,1198,1199,1200,1201,1202,1203,1204,1205,1206,1207,1208,1209,1210,1211,1212,1213,1214,1215,1216,1217,1218,1219,1220,1221,1222,1223,1224,1225,1226,1227,1228,1229,1230,1231,1232,1233,1234,1235,1236,1237,1238,1239,1240,1241,1242,1243,1244,1245,1246,1247,1248,1249,1250,1251,1252,1253,1254,1255,1256,1257,1258,1259,1260,1261,1262,1263,1264,1265,1266,1267,1268,1269,1270,1271,1272,1273,1274,1275,1276,1277,1278,1279,1280,1281,1282,1283,1284,1285,1286,1287,1288,1289,1290,1291,1292,1293,1294,1295,1296,1297,1298,1299,1300,1301,1302,1303,1304,1305,1306,1307,1308,1309,1310,1311,1312,1313,1314,1315,1316,1317,1318,1319,1320,1321,1322,1323,1324,1325,1326,1327,1328,1329,1330,1331,1332,1333,1334,1335,1336,1337,1338,1339,1340,1341,1342,1343,1344,1345,1346,1347,1348,1349,1350,1351,1352,1353,1354,1355,1356,1357,1358,1359,1360,1361,1362,1363&#8243; img_size=&#8221;100&#215;100&#8243;][\/vc_column][\/vc_row]\n","protected":false},"excerpt":{"rendered":"[vc_row][vc_column][vc_column_text] Festival do Livro CEAK 2017 [\/vc_column_text][\/vc_column][\/vc_row][vc_row][vc_column][vc_column_text] Em sua 10\u00aa edi\u00e7\u00e3o e com o tema &#8220;Ler para conhecer, estudar para transformar&#8221;, o Festival do Livro deste ano contou com o envolvimento de mais de 400 volunt\u00e1rios que trabalharam durante todo o ano para a realiza\u00e7\u00e3o do evento que recebeu mais de 1 mil visitantes e [&hellip;]\n","protected":false},"author":1,"featured_media":1262,"comment_status":"closed","ping_status":"open","sticky":false,"template":"","format":"standard","meta":[],"categories":[17],"tags":[],"_links":{"self":[{"href":"https:\/\/ceak.org.br\/ceak\/wp-json\/wp\/v2\/posts\/1367"}],"collection":[{"href":"https:\/\/ceak.org.br\/ceak\/wp-json\/wp\/v2\/posts"}],"about":[{"href":"https:\/\/ceak.org.br\/ceak\/wp-json\/wp\/v2\/types\/post"}],"author":[{"embeddable":true,"href":"https:\/\/ceak.org.br\/ceak\/wp-json\/wp\/v2\/users\/1"}],"replies":[{"embeddable":true,"href":"https:\/\/ceak.org.br\/ceak\/wp-json\/wp\/v2\/comments?post=1367"}],"version-history":[{"count":1,"href":"https:\/\/ceak.org.br\/ceak\/wp-json\/wp\/v2\/posts\/1367\/revisions"}],"predecessor-version":[{"id":20782,"href":"https:\/\/ceak.org.br\/ceak\/wp-json\/wp\/v2\/posts\/1367\/revisions\/20782"}],"wp:featuredmedia":[{"embeddable":true,"href":"https:\/\/ceak.org.br\/ceak\/wp-json\/wp\/v2\/media\/1262"}],"wp:attachment":[{"href":"https:\/\/ceak.org.br\/ceak\/wp-json\/wp\/v2\/media?parent=1367"}],"wp:term":[{"taxonomy":"category","embeddable":true,"href":"https:\/\/ceak.org.br\/ceak\/wp-json\/wp\/v2\/categories?post=1367"},{"taxonomy":"post_tag","embeddable":true,"href":"https:\/\/ceak.org.br\/ceak\/wp-json\/wp\/v2\/tags?post=1367"}],"curies":[{"name":"wp","href":"https:\/\/api.w.org\/{rel}","templated":true}]}}