{"id":16597,"date":"2023-11-09T12:29:19","date_gmt":"2023-11-09T15:29:19","guid":{"rendered":"https:\/\/ceak.org.br\/ceak\/?p=16597"},"modified":"2025-10-28T18:54:42","modified_gmt":"2025-10-28T21:54:42","slug":"feira-de-artesanato-de-natal","status":"publish","type":"post","link":"https:\/\/ceak.org.br\/ceak\/feira-de-artesanato-de-natal\/","title":{"rendered":"Feira de Artesanato de Natal"},"content":{"rendered":"<p>Em dezembro, acontece a <strong>Feira de Artesanato de Natal <\/strong>com muitas novidades e lindos produtos  feitos por nossas equipes de volunt\u00e1ria. S\u00e3o v\u00e1rias datas dispon\u00edveis para voc\u00ea visitar o espa\u00e7o e fazer suas compras com toda seguran\u00e7a e tranquilidade, e com a vantagem de saber que ao adquirir os produtos, voc\u00ea ainda estar\u00e1 contribuindo com as obras assistenciais do CEAK!<\/p>\n<p>N\u00e3o deixe de prestigiar e aproveitar essa oportunidade para presentear quem voc\u00ea ama!<\/p>\n<p>Confira as datas e hor\u00e1rios dispon\u00edveis e fa\u00e7a-nos uma visita!<\/p>\n<p>02\/12 (s\u00e1bado) &#8211; das 9h \u00e0s 13h<br \/>03\/12 (domingo) &#8211; das 8h \u00e0s 11h30<br \/>04\/12 (segunda) &#8211; das 19h \u00e0s 22h<br \/>05\/12 (ter\u00e7a) &#8211; das 19h \u00e0s 22h<br \/>06\/12 (quarta) &#8211; das 10h \u00e0s 14h\u00a0&#8211;\u00a0das\u00a019h\u00a0\u00e0s\u00a022h<\/p>\n<p><strong>Local<\/strong>: Educand\u00e1rio Eur\u00edpedes &#8211; Sala em frente ao Gin\u00e1sio\u00a0(Bazar) | Av. Theodureto de Almeida Camargo, 750 &#8211; Vila Nova<\/p>\n<p>Confira alguns dos produtos que estar\u00e3o dispon\u00edveis no nosso Instagram\u00a0e\u00a0no\u00a0Facebook.<br \/>FacebooK\u00a0<a rel=\"noreferrer noopener\" href=\"https:\/\/www.facebook.com\/Artesanartess\" target=\"_blank\">https:\/\/www.facebook.com\/Artesanartess<\/a><\/p>\n<p>Instagram @artesanartesceak <\/p>\n<figure class=\"wp-block-image size-large is-resized\"><img loading=\"lazy\" src=\"https:\/\/ceak.org.br\/ceak\/wp-content\/uploads\/2022\/12\/onlinelogomaker-042517-1139-9579-2000-1024x746.jpg\" alt=\"\" class=\"wp-image-14282\" width=\"174\" height=\"126\" srcset=\"https:\/\/ceak.org.br\/ceak\/wp-content\/uploads\/2022\/12\/onlinelogomaker-042517-1139-9579-2000-1024x746.jpg 1024w, https:\/\/ceak.org.br\/ceak\/wp-content\/uploads\/2022\/12\/onlinelogomaker-042517-1139-9579-2000-300x218.jpg 300w, https:\/\/ceak.org.br\/ceak\/wp-content\/uploads\/2022\/12\/onlinelogomaker-042517-1139-9579-2000-768x559.jpg 768w, https:\/\/ceak.org.br\/ceak\/wp-content\/uploads\/2022\/12\/onlinelogomaker-042517-1139-9579-2000-1536x1119.jpg 1536w, https:\/\/ceak.org.br\/ceak\/wp-content\/uploads\/2022\/12\/onlinelogomaker-042517-1139-9579-2000-600x437.jpg 600w, https:\/\/ceak.org.br\/ceak\/wp-content\/uploads\/2022\/12\/onlinelogomaker-042517-1139-9579-2000.jpg 2024w\" sizes=\"(max-width: 174px) 100vw, 174px\" \/><\/figure>\n","protected":false},"excerpt":{"rendered":"<p>Em dezembro, acontece a Feira de Artesanato de Natal com muitas novidades e lindos produtos feitos por nossas equipes de volunt\u00e1ria. S\u00e3o v\u00e1rias datas dispon\u00edveis para voc\u00ea visitar o espa\u00e7o e fazer suas compras com toda seguran\u00e7a e tranquilidade, e com a vantagem de saber que ao adquirir os produtos, voc\u00ea ainda estar\u00e1 contribuindo com [&hellip;]\n","protected":false},"author":2,"featured_media":16598,"comment_status":"closed","ping_status":"open","sticky":false,"template":"","format":"standard","meta":[],"categories":[9,32],"tags":[],"_links":{"self":[{"href":"https:\/\/ceak.org.br\/ceak\/wp-json\/wp\/v2\/posts\/16597"}],"collection":[{"href":"https:\/\/ceak.org.br\/ceak\/wp-json\/wp\/v2\/posts"}],"about":[{"href":"https:\/\/ceak.org.br\/ceak\/wp-json\/wp\/v2\/types\/post"}],"author":[{"embeddable":true,"href":"https:\/\/ceak.org.br\/ceak\/wp-json\/wp\/v2\/users\/2"}],"replies":[{"embeddable":true,"href":"https:\/\/ceak.org.br\/ceak\/wp-json\/wp\/v2\/comments?post=16597"}],"version-history":[{"count":1,"href":"https:\/\/ceak.org.br\/ceak\/wp-json\/wp\/v2\/posts\/16597\/revisions"}],"predecessor-version":[{"id":16599,"href":"https:\/\/ceak.org.br\/ceak\/wp-json\/wp\/v2\/posts\/16597\/revisions\/16599"}],"wp:featuredmedia":[{"embeddable":true,"href":"https:\/\/ceak.org.br\/ceak\/wp-json\/wp\/v2\/media\/16598"}],"wp:attachment":[{"href":"https:\/\/ceak.org.br\/ceak\/wp-json\/wp\/v2\/media?parent=16597"}],"wp:term":[{"taxonomy":"category","embeddable":true,"href":"https:\/\/ceak.org.br\/ceak\/wp-json\/wp\/v2\/categories?post=16597"},{"taxonomy":"post_tag","embeddable":true,"href":"https:\/\/ceak.org.br\/ceak\/wp-json\/wp\/v2\/tags?post=16597"}],"curies":[{"name":"wp","href":"https:\/\/api.w.org\/{rel}","templated":true}]}}