{"id":16660,"date":"2023-11-23T09:26:26","date_gmt":"2023-11-23T12:26:26","guid":{"rendered":"https:\/\/ceak.org.br\/ceak\/?p=16660"},"modified":"2025-10-28T18:54:42","modified_gmt":"2025-10-28T21:54:42","slug":"doe-o-seu-ir-para-a-casa-de-apoio-a-vida","status":"publish","type":"post","link":"https:\/\/ceak.org.br\/ceak\/doe-o-seu-ir-para-a-casa-de-apoio-a-vida\/","title":{"rendered":"Doe o seu IR para a Casa de Apoio \u00e0 Vida"},"content":{"rendered":"<p>Voc\u00ea j\u00e1 pode doar o seu Imposto de Renda para a Casa de Apoio \u00e0 Vida &#8211; Departamento do Centro Esp\u00edrita Allan Kardec!<\/p>\n<p><strong>A miss\u00e3o da CAVI \u00e9 ser refer\u00eancia no acolhimento, apoio e orienta\u00e7\u00e3o \u00e0s gestantes em situa\u00e7\u00e3o de vulnerabilidade e risco social<\/strong>, propiciando-lhes a\u00e7\u00f5es preventivas e protetivas de seus direitos fundamentais, al\u00e9m de capacit\u00e1-las para o mercado de trabalho. <strong>Sua ajuda \u00e9 fundamental para impactar a vida de centenas de mam\u00e3es e seus beb\u00eas!<\/strong><\/p>\n<p><strong>Siga o passo a passo abaixo at\u00e9 30 de dezembro e fa\u00e7a sua doa\u00e7\u00e3o!<\/strong><\/p>\n<p><strong>QUEM PODE DOAR?<\/strong><\/p>\n<p><strong>Pessoa F\u00edsica<\/strong><\/p>\n<p>Quem declara pelo modelo completo pode destinar para o CEAK at\u00e9 6% do imposto devido por ano (calend\u00e1rio 1 de janeiro a 31 de dezembro).<\/p>\n<p><em>IR devido: o valor doado ser\u00e1 subtra\u00eddo da quantia a pagar.<\/em><\/p>\n<p><em>IR a restituir: o valor doado ser\u00e1 somado a sua restitui\u00e7\u00e3o.<\/em><\/p>\n<p><strong>Pessoa Jur\u00eddica<\/strong><\/p>\n<p>Quem apura o imposto de renda devido com base no Lucro Real pode destinar para o CEAK at\u00e9 1% do&nbsp; imposto de renda devido.<\/p>\n<p><strong>1\u00b0 Passo: C\u00e1lculo de Valores (Pessoa F\u00edsica)<\/strong><\/p>\n<p>Para calcular o valor que pode ser direcionado, \u00e9 conveniente fazer uma estimativa baseada no seu \u00faltimo Recibo de Entrega de Declara\u00e7\u00e3o.&nbsp;<\/p>\n<p>Caso seus rendimentos n\u00e3o forem parecidos com o ano anterior, voc\u00ea pode calcular seu valor exato a partir do Simulador da Receita Federal (<a href=\"https:\/\/www27.receita.fazenda.gov.br\/simulador-irpf\" target=\"_blank\" rel=\"noreferrer noopener\">https:\/\/www27.receita.fazenda.gov.br\/simulador-irpf<\/a>).<\/p>\n<p>Usando como base os valores indicados, calcule o valor m\u00e1ximo (6% do IR devido) que poder\u00e1 ser direcionado com isen\u00e7\u00e3o fiscal.<\/p>\n<p><strong>2\u00b0 Passo: Como doar<\/strong><\/p>\n<p>1. Acesse o site do Fundo Municipal: <a href=\"https:\/\/agf.campinas.sp.gov.br\/destinador\" target=\"_blank\" rel=\"noreferrer noopener\">https:\/\/agf.campinas.sp.gov.br\/destinador<\/a>;<\/p>\n<p>2. Fa\u00e7a o cadastro e acesse a \u201c\u00c1rea do Destinador\u201d;<\/p>\n<p>3. Clique em \u201cNova Destina\u00e7\u00e3o\u201d;<\/p>\n<p>4. Selecione o fundo que deseja doar, sendo: \u201cFMDCA &#8211; Fundo Municipal dos Direitos da Crian\u00e7a e do Adolescente\u201d;<\/p>\n<p>5. Selecione \u201cCentro Esp\u00edrita Allan Kardec\u201d;<\/p>\n<p>6. Digite o valor que voc\u00ea deseja destinar e clique em \u201cConfirmar\u201d;<\/p>\n<p>7. Imprima o boleto banc\u00e1rio online e fa\u00e7a o pagamento at\u00e9 30\/12\/2023.<\/p>\n<p><strong>Compartilhe essa Campanha tamb\u00e9m com seus amigos e fa\u00e7a parte dessa corrente de solidariedade! Contamos com voc\u00ea!<\/strong><\/p>\n<p>Abra\u00e7os,<\/p>\n<p>Equipe CEAK<\/p>\n","protected":false},"excerpt":{"rendered":"<p>Voc\u00ea j\u00e1 pode doar o seu Imposto de Renda para a Casa de Apoio \u00e0 Vida &#8211; Departamento do Centro Esp\u00edrita Allan Kardec!<\/p>\n","protected":false},"author":2,"featured_media":16661,"comment_status":"closed","ping_status":"open","sticky":false,"template":"","format":"standard","meta":[],"categories":[38],"tags":[],"_links":{"self":[{"href":"https:\/\/ceak.org.br\/ceak\/wp-json\/wp\/v2\/posts\/16660"}],"collection":[{"href":"https:\/\/ceak.org.br\/ceak\/wp-json\/wp\/v2\/posts"}],"about":[{"href":"https:\/\/ceak.org.br\/ceak\/wp-json\/wp\/v2\/types\/post"}],"author":[{"embeddable":true,"href":"https:\/\/ceak.org.br\/ceak\/wp-json\/wp\/v2\/users\/2"}],"replies":[{"embeddable":true,"href":"https:\/\/ceak.org.br\/ceak\/wp-json\/wp\/v2\/comments?post=16660"}],"version-history":[{"count":2,"href":"https:\/\/ceak.org.br\/ceak\/wp-json\/wp\/v2\/posts\/16660\/revisions"}],"predecessor-version":[{"id":16663,"href":"https:\/\/ceak.org.br\/ceak\/wp-json\/wp\/v2\/posts\/16660\/revisions\/16663"}],"wp:featuredmedia":[{"embeddable":true,"href":"https:\/\/ceak.org.br\/ceak\/wp-json\/wp\/v2\/media\/16661"}],"wp:attachment":[{"href":"https:\/\/ceak.org.br\/ceak\/wp-json\/wp\/v2\/media?parent=16660"}],"wp:term":[{"taxonomy":"category","embeddable":true,"href":"https:\/\/ceak.org.br\/ceak\/wp-json\/wp\/v2\/categories?post=16660"},{"taxonomy":"post_tag","embeddable":true,"href":"https:\/\/ceak.org.br\/ceak\/wp-json\/wp\/v2\/tags?post=16660"}],"curies":[{"name":"wp","href":"https:\/\/api.w.org\/{rel}","templated":true}]}}