{"id":1678,"date":"2018-04-23T19:16:41","date_gmt":"2018-04-23T19:16:41","guid":{"rendered":"http:\/\/ceak.org.br\/ceak\/?p=1678"},"modified":"2025-10-28T18:54:49","modified_gmt":"2025-10-28T21:54:49","slug":"um-manual-para-a-familia-espirita-crista","status":"publish","type":"post","link":"https:\/\/ceak.org.br\/ceak\/um-manual-para-a-familia-espirita-crista\/","title":{"rendered":"Um manual para a fam\u00edlia esp\u00edrita-crist\u00e3"},"content":{"rendered":"<h4>Livro fala sobre a import\u00e2ncia da esp\u00edrita-crist\u00e3 na forma\u00e7\u00e3o dos filhos e sugere solu\u00e7\u00f5es para os graves problemas dom\u00e9sticos<\/h4>\n<p>&nbsp;<br \/>\nA educa\u00e7\u00e3o dos filhos \u00e9 de suma import\u00e2ncia para os pais. \u00c9 imprescind\u00edvel que eles preparem as crian\u00e7as para a aquisi\u00e7\u00e3o de qualidades morais que lhes permitam um crescimento saud\u00e1vel e equilibrado, considerando, especialmente, a sua dimens\u00e3o espiritual. No espiritismo, o livro Apelo aos pais (Allan Karcec Editora, 280 pp, R$ 47) \u00e9 um referencial te\u00f3rico sobre as poss\u00edveis raz\u00f5es que levam certas fam\u00edlias a n\u00e3o conseguirem corrigir as tend\u00eancias nocivas e os maus h\u00e1bitos de suas crian\u00e7as e jovens, e analisa as dificuldades que se apresentam na organiza\u00e7\u00e3o familiar. A obra, com textos de diferentes abordagens, contribui para algumas mudan\u00e7as, com base no conte\u00fado doutrin\u00e1rio e nos ensinamentos de Jesus, e avalia a extrema import\u00e2ncia da educa\u00e7\u00e3o esp\u00edrita-crist\u00e3 na forma\u00e7\u00e3o dos filhos, sugerindo solu\u00e7\u00f5es para os graves problemas dom\u00e9sticos. A obra ser\u00e1 lan\u00e7ada no pr\u00f3ximo dia 27, \u00e0s 19h na Livraria Cultura do Shopping Iguatemi em Campinas (Av. Iguatemi, 777).<\/p>\n<p>Veiculado no site <strong>PUBLISHNEWS<\/strong>, REDA\u00c7\u00c3O, 09\/04\/2018<\/p>\n","protected":false},"excerpt":{"rendered":"<p>Livro fala sobre a import\u00e2ncia da esp\u00edrita-crist\u00e3 na forma\u00e7\u00e3o dos filhos e sugere solu\u00e7\u00f5es para os graves problemas dom\u00e9sticos &nbsp; A educa\u00e7\u00e3o dos filhos \u00e9 de suma import\u00e2ncia para os pais. \u00c9 imprescind\u00edvel que eles preparem as crian\u00e7as para a aquisi\u00e7\u00e3o de qualidades morais que lhes permitam um crescimento saud\u00e1vel e equilibrado, considerando, especialmente, a [&hellip;]\n","protected":false},"author":1,"featured_media":1681,"comment_status":"closed","ping_status":"open","sticky":false,"template":"","format":"standard","meta":[],"categories":[1],"tags":[14,15,16],"_links":{"self":[{"href":"https:\/\/ceak.org.br\/ceak\/wp-json\/wp\/v2\/posts\/1678"}],"collection":[{"href":"https:\/\/ceak.org.br\/ceak\/wp-json\/wp\/v2\/posts"}],"about":[{"href":"https:\/\/ceak.org.br\/ceak\/wp-json\/wp\/v2\/types\/post"}],"author":[{"embeddable":true,"href":"https:\/\/ceak.org.br\/ceak\/wp-json\/wp\/v2\/users\/1"}],"replies":[{"embeddable":true,"href":"https:\/\/ceak.org.br\/ceak\/wp-json\/wp\/v2\/comments?post=1678"}],"version-history":[{"count":1,"href":"https:\/\/ceak.org.br\/ceak\/wp-json\/wp\/v2\/posts\/1678\/revisions"}],"predecessor-version":[{"id":20777,"href":"https:\/\/ceak.org.br\/ceak\/wp-json\/wp\/v2\/posts\/1678\/revisions\/20777"}],"wp:featuredmedia":[{"embeddable":true,"href":"https:\/\/ceak.org.br\/ceak\/wp-json\/wp\/v2\/media\/1681"}],"wp:attachment":[{"href":"https:\/\/ceak.org.br\/ceak\/wp-json\/wp\/v2\/media?parent=1678"}],"wp:term":[{"taxonomy":"category","embeddable":true,"href":"https:\/\/ceak.org.br\/ceak\/wp-json\/wp\/v2\/categories?post=1678"},{"taxonomy":"post_tag","embeddable":true,"href":"https:\/\/ceak.org.br\/ceak\/wp-json\/wp\/v2\/tags?post=1678"}],"curies":[{"name":"wp","href":"https:\/\/api.w.org\/{rel}","templated":true}]}}