{"id":18446,"date":"2024-09-03T12:38:48","date_gmt":"2024-09-03T15:38:48","guid":{"rendered":"https:\/\/ceak.org.br\/ceak\/?p=18446"},"modified":"2025-10-28T18:54:41","modified_gmt":"2025-10-28T21:54:41","slug":"pre-lancamento-da-obra-cartas-do-seu-gustavo-editora-allan-kardec","status":"publish","type":"post","link":"https:\/\/ceak.org.br\/ceak\/pre-lancamento-da-obra-cartas-do-seu-gustavo-editora-allan-kardec\/","title":{"rendered":"Pr\u00e9-lan\u00e7amento da obra &#8220;Cartas do Seu Gustavo\u00b4\u00b4 &#8211; Editora Allan Kardec"},"content":{"rendered":"<p>Ol\u00e1, amigos! &#x2709;&#xfe0f;&#x1f499;&#x2728;&#x1f64f;&#x1f3fb;<\/p>\n<p>Com muita alegria trazemos uma not\u00edcia especial, a Editora Allan Kardec est\u00e1 realizando o pr\u00e9-lan\u00e7amento da obra, Cartas do \u201cSeu\u201d Gustavo &#8211; 30 Anos Depois em sua 2\u00aa Edi\u00e7\u00e3o Ampliada e Revisada &#8211; M\u00e9diuns diversos.<\/p>\n<p>A obra traz importantes mensagens com refer\u00eancias seguras para o exerc\u00edcio das tarefas que nos cabem, exortando-nos \u00e0s reflex\u00f5es que Gustavo Marcondes nos apresenta.<\/p>\n<p>S\u00e3o p\u00e1ginas que falam de cora\u00e7\u00e3o para cora\u00e7\u00e3o, carregadas de emo\u00e7\u00e3o e sensibilidade, por quem esteve \u00e0 frente do trabalho e o exerceu com muito amor e dedica\u00e7\u00e3o, tendo como pilares Jesus e Kardec.<\/p>\n<p>Aproveite mais esta oportunidade de se encantar e instruir!<\/p>\n<p>Mais informa\u00e7\u00f5es:<br \/>www.ceak.org.br<br \/>Dispon\u00edvel para venda: www.allankardec.org.br<br \/>Contato: 19 99537-9953<\/p>\n","protected":false},"excerpt":{"rendered":"<p>Ol\u00e1, amigos! &#x2709;&#xfe0f;&#x1f499;&#x2728;&#x1f64f;&#x1f3fb; Com muita alegria trazemos uma not\u00edcia especial, a Editora Allan Kardec est\u00e1 realizando o pr\u00e9-lan\u00e7amento da obra, Cartas do \u201cSeu\u201d Gustavo &#8211; 30 Anos Depois em sua 2\u00aa Edi\u00e7\u00e3o Ampliada e Revisada &#8211; M\u00e9diuns diversos. A obra traz importantes mensagens com refer\u00eancias seguras para o exerc\u00edcio das tarefas que nos cabem, exortando-nos [&hellip;]\n","protected":false},"author":2,"featured_media":18447,"comment_status":"closed","ping_status":"open","sticky":false,"template":"","format":"standard","meta":[],"categories":[39],"tags":[],"_links":{"self":[{"href":"https:\/\/ceak.org.br\/ceak\/wp-json\/wp\/v2\/posts\/18446"}],"collection":[{"href":"https:\/\/ceak.org.br\/ceak\/wp-json\/wp\/v2\/posts"}],"about":[{"href":"https:\/\/ceak.org.br\/ceak\/wp-json\/wp\/v2\/types\/post"}],"author":[{"embeddable":true,"href":"https:\/\/ceak.org.br\/ceak\/wp-json\/wp\/v2\/users\/2"}],"replies":[{"embeddable":true,"href":"https:\/\/ceak.org.br\/ceak\/wp-json\/wp\/v2\/comments?post=18446"}],"version-history":[{"count":1,"href":"https:\/\/ceak.org.br\/ceak\/wp-json\/wp\/v2\/posts\/18446\/revisions"}],"predecessor-version":[{"id":18448,"href":"https:\/\/ceak.org.br\/ceak\/wp-json\/wp\/v2\/posts\/18446\/revisions\/18448"}],"wp:featuredmedia":[{"embeddable":true,"href":"https:\/\/ceak.org.br\/ceak\/wp-json\/wp\/v2\/media\/18447"}],"wp:attachment":[{"href":"https:\/\/ceak.org.br\/ceak\/wp-json\/wp\/v2\/media?parent=18446"}],"wp:term":[{"taxonomy":"category","embeddable":true,"href":"https:\/\/ceak.org.br\/ceak\/wp-json\/wp\/v2\/categories?post=18446"},{"taxonomy":"post_tag","embeddable":true,"href":"https:\/\/ceak.org.br\/ceak\/wp-json\/wp\/v2\/tags?post=18446"}],"curies":[{"name":"wp","href":"https:\/\/api.w.org\/{rel}","templated":true}]}}