{"id":2795,"date":"2018-12-28T08:10:20","date_gmt":"2018-12-28T08:10:20","guid":{"rendered":"http:\/\/ceak.org.br\/ceak\/?p=2795"},"modified":"2025-10-28T18:54:48","modified_gmt":"2025-10-28T21:54:48","slug":"2795-2","status":"publish","type":"post","link":"https:\/\/ceak.org.br\/ceak\/2795-2\/","title":{"rendered":"Curso Inicia\u00e7\u00e3o ao Espiritismo 2019 &#8211; Compare\u00e7a!"},"content":{"rendered":"<p>O Curso <strong>Inicia\u00e7\u00e3o ao Espiritismo<\/strong> tem como objetivo apresentar os <strong>conceitos fundamentais<\/strong> da Doutrina Esp\u00edrita utilizando o m\u00e9todo desenvolvido por <strong>Therezinha Oliveira.<\/strong><\/p>\n<p><strong>S\u00e3o 37 aulas<\/strong> que abordam temas como Radia\u00e7\u00f5es e Vibra\u00e7\u00f5es, Sono e Sonhos, Reencarna\u00e7\u00e3o, Os Esp\u00edritas e o Casamento, Lei de Causa e Efeito, Pais e Filhos \u00e0 luz da reencarna\u00e7\u00e3o e muitos outros.<\/p>\n<p>Confira abaixo o melhor dia, hor\u00e1rio e local para voc\u00ea e compare\u00e7a. <strong>Ainda d\u00e1 tempo de iniciar o seu curso em 2019!<\/strong><\/p>\n<p><span style=\"color: #333399;\"><strong>Inscri\u00e7\u00f5es no local, com a secretaria do curso!<\/strong><\/span><\/p>\n<p><strong>As aulas s\u00e3o presenciais e gratuitas para qualquer N\u00facleo e acontecem uma vez por semana.\u00a0<\/strong><\/p>\n<p><img loading=\"lazy\" class=\"aligncenter size-full wp-image-3113\" src=\"http:\/\/ceak.org.br\/ceak\/wp-content\/uploads\/2018\/12\/Inicia\u00e7\u00e3o_tabela_locais_SemVilaNova-1.jpg\" alt=\"Inicia\u00e7\u00e3o_tabela_locais_SemVilaNova\" width=\"772\" height=\"387\" srcset=\"https:\/\/ceak.org.br\/ceak\/wp-content\/uploads\/2018\/12\/Inicia\u00e7\u00e3o_tabela_locais_SemVilaNova-1.jpg 772w, https:\/\/ceak.org.br\/ceak\/wp-content\/uploads\/2018\/12\/Inicia\u00e7\u00e3o_tabela_locais_SemVilaNova-1-300x150.jpg 300w, https:\/\/ceak.org.br\/ceak\/wp-content\/uploads\/2018\/12\/Inicia\u00e7\u00e3o_tabela_locais_SemVilaNova-1-768x385.jpg 768w\" sizes=\"(max-width: 772px) 100vw, 772px\" \/><\/p>\n<p>Conhe\u00e7a um pouco sobre as aulas em nosso canal no Youtube. <a href=\"https:\/\/www.youtube.com\/playlist?list=PLFirD4Ud5UMx6PhQVZffI1Ih8ckL7l-5L\">Clique aqui!<\/a>\u00a0<strong>Para cada cap\u00edtulo, uma aula gravada!<\/strong><\/p>\n<p>Acesse tamb\u00e9m o site\u00a0<a href=\"http:\/\/www.allankardec.org.br\/busca\/?s=estudos&amp;filtro=titulo\" target=\"_blank\" rel=\"noopener\">site da Editora Allan Kardec<\/a>,\u00a0<strong>clique em cada capa da Cole\u00e7\u00e3o Estudos e Cursos,<\/strong>\u00a0veja detalhes da obra e leia as primeiras p\u00e1ginas.<\/p>\n<p><strong>Esperamos por voc\u00ea!<\/strong><\/p>\n","protected":false},"excerpt":{"rendered":"<p>O Curso Inicia\u00e7\u00e3o ao Espiritismo tem como objetivo apresentar os conceitos fundamentais da Doutrina Esp\u00edrita utilizando o m\u00e9todo desenvolvido por Therezinha Oliveira. S\u00e3o 37 aulas que abordam temas como Radia\u00e7\u00f5es e Vibra\u00e7\u00f5es, Sono e Sonhos, Reencarna\u00e7\u00e3o, Os Esp\u00edritas e o Casamento, Lei de Causa e Efeito, Pais e Filhos \u00e0 luz da reencarna\u00e7\u00e3o e muitos [&hellip;]\n","protected":false},"author":2,"featured_media":2809,"comment_status":"closed","ping_status":"open","sticky":false,"template":"","format":"standard","meta":[],"categories":[9,8,10,33],"tags":[37,35,15,28,16,36,19],"_links":{"self":[{"href":"https:\/\/ceak.org.br\/ceak\/wp-json\/wp\/v2\/posts\/2795"}],"collection":[{"href":"https:\/\/ceak.org.br\/ceak\/wp-json\/wp\/v2\/posts"}],"about":[{"href":"https:\/\/ceak.org.br\/ceak\/wp-json\/wp\/v2\/types\/post"}],"author":[{"embeddable":true,"href":"https:\/\/ceak.org.br\/ceak\/wp-json\/wp\/v2\/users\/2"}],"replies":[{"embeddable":true,"href":"https:\/\/ceak.org.br\/ceak\/wp-json\/wp\/v2\/comments?post=2795"}],"version-history":[{"count":1,"href":"https:\/\/ceak.org.br\/ceak\/wp-json\/wp\/v2\/posts\/2795\/revisions"}],"predecessor-version":[{"id":20761,"href":"https:\/\/ceak.org.br\/ceak\/wp-json\/wp\/v2\/posts\/2795\/revisions\/20761"}],"wp:featuredmedia":[{"embeddable":true,"href":"https:\/\/ceak.org.br\/ceak\/wp-json\/wp\/v2\/media\/2809"}],"wp:attachment":[{"href":"https:\/\/ceak.org.br\/ceak\/wp-json\/wp\/v2\/media?parent=2795"}],"wp:term":[{"taxonomy":"category","embeddable":true,"href":"https:\/\/ceak.org.br\/ceak\/wp-json\/wp\/v2\/categories?post=2795"},{"taxonomy":"post_tag","embeddable":true,"href":"https:\/\/ceak.org.br\/ceak\/wp-json\/wp\/v2\/tags?post=2795"}],"curies":[{"name":"wp","href":"https:\/\/api.w.org\/{rel}","templated":true}]}}