{"id":4904,"date":"2019-09-24T11:41:30","date_gmt":"2019-09-24T14:41:30","guid":{"rendered":"https:\/\/ceak.org.br\/ceak\/?p=4904"},"modified":"2025-10-28T18:54:47","modified_gmt":"2025-10-28T21:54:47","slug":"ceak-comemora-81-anos-com-encontro-de-corais","status":"publish","type":"post","link":"https:\/\/ceak.org.br\/ceak\/ceak-comemora-81-anos-com-encontro-de-corais\/","title":{"rendered":"CEAK comemora 81 anos com Encontro de Corais"},"content":{"rendered":"<p style=\"text-align: left;\">O <strong>Centro Esp\u00edrita Allan Kardec<\/strong> comemorou, no dia 14 de setembro, seus <strong>81 anos de trabalho e dedica\u00e7\u00e3o \u00e0 assist\u00eancia social e divulga\u00e7\u00e3o da doutrina esp\u00edrita<\/strong>. Estiveram presentes mais de 400 pessoas que prestigiaram o <strong>IV\u00a0Encontro de Corais<\/strong>: <strong>Coral Allan Kardec<\/strong> que tamb\u00e9m comemorou <strong>30 anos<\/strong>, <strong>Coral Meimei<\/strong>, de S\u00e3o Bernardo do Campo-SP e <strong>Coral Seareiros do Bem<\/strong>, de Sorocaba-SP.<\/p>\n<p style=\"text-align: left;\">Foi uma grande festa que teve ainda uma homenagem aos trabalhadores volunt\u00e1rios e terminou com um delicioso bolo de frutas para confraterniza\u00e7\u00e3o.<\/p>\n<p>Parab\u00e9ns ao <strong>CEAK<\/strong> e a todos que fazem parte desta grande fam\u00edlia! Confira alguns momentos deste dia t\u00e3o especial!<\/p>\n\n\t\t<style type=\"text\/css\">\n\t\t\t#gallery-1 {\n\t\t\t\tmargin: auto;\n\t\t\t}\n\t\t\t#gallery-1 .gallery-item {\n\t\t\t\tfloat: left;\n\t\t\t\tmargin-top: 10px;\n\t\t\t\ttext-align: center;\n\t\t\t\twidth: 33%;\n\t\t\t}\n\t\t\t#gallery-1 img {\n\t\t\t\tborder: 2px solid #cfcfcf;\n\t\t\t}\n\t\t\t#gallery-1 .gallery-caption {\n\t\t\t\tmargin-left: 0;\n\t\t\t}\n\t\t\t\/* see gallery_shortcode() in wp-includes\/media.php *\/\n\t\t<\/style>\n\t\t<div id='gallery-1' class='gallery galleryid-4904 gallery-columns-3 gallery-size-thumbnail'><dl class='gallery-item'>\n\t\t\t<dt class='gallery-icon portrait'>\n\t\t\t\t<a href='https:\/\/ceak.org.br\/ceak\/ceak-comemora-81-anos-com-encontro-de-corais\/img_2928-2\/#main'><img width=\"150\" height=\"150\" src=\"https:\/\/ceak.org.br\/ceak\/wp-content\/uploads\/2019\/10\/IMG_2928-e1572286332989-150x150.jpg\" class=\"attachment-thumbnail size-thumbnail\" alt=\"\" loading=\"lazy\" srcset=\"https:\/\/ceak.org.br\/ceak\/wp-content\/uploads\/2019\/10\/IMG_2928-e1572286332989-150x150.jpg 150w, https:\/\/ceak.org.br\/ceak\/wp-content\/uploads\/2019\/10\/IMG_2928-e1572286332989-180x180.jpg 180w, https:\/\/ceak.org.br\/ceak\/wp-content\/uploads\/2019\/10\/IMG_2928-e1572286332989-300x300.jpg 300w\" sizes=\"(max-width: 150px) 100vw, 150px\" \/><\/a>\n\t\t\t<\/dt><\/dl><dl class='gallery-item'>\n\t\t\t<dt class='gallery-icon landscape'>\n\t\t\t\t<a href='https:\/\/ceak.org.br\/ceak\/ceak-comemora-81-anos-com-encontro-de-corais\/img_2934-2\/#main'><img width=\"150\" height=\"150\" src=\"https:\/\/ceak.org.br\/ceak\/wp-content\/uploads\/2019\/10\/IMG_2934-150x150.jpg\" class=\"attachment-thumbnail size-thumbnail\" alt=\"\" loading=\"lazy\" srcset=\"https:\/\/ceak.org.br\/ceak\/wp-content\/uploads\/2019\/10\/IMG_2934-150x150.jpg 150w, https:\/\/ceak.org.br\/ceak\/wp-content\/uploads\/2019\/10\/IMG_2934-180x180.jpg 180w, https:\/\/ceak.org.br\/ceak\/wp-content\/uploads\/2019\/10\/IMG_2934-300x300.jpg 300w, https:\/\/ceak.org.br\/ceak\/wp-content\/uploads\/2019\/10\/IMG_2934-600x600.jpg 600w\" sizes=\"(max-width: 150px) 100vw, 150px\" \/><\/a>\n\t\t\t<\/dt><\/dl><dl class='gallery-item'>\n\t\t\t<dt class='gallery-icon landscape'>\n\t\t\t\t<a href='https:\/\/ceak.org.br\/ceak\/ceak-comemora-81-anos-com-encontro-de-corais\/img_2954-2\/#main'><img width=\"150\" height=\"150\" src=\"https:\/\/ceak.org.br\/ceak\/wp-content\/uploads\/2019\/10\/IMG_2954-150x150.jpg\" class=\"attachment-thumbnail size-thumbnail\" alt=\"\" loading=\"lazy\" srcset=\"https:\/\/ceak.org.br\/ceak\/wp-content\/uploads\/2019\/10\/IMG_2954-150x150.jpg 150w, https:\/\/ceak.org.br\/ceak\/wp-content\/uploads\/2019\/10\/IMG_2954-180x180.jpg 180w, https:\/\/ceak.org.br\/ceak\/wp-content\/uploads\/2019\/10\/IMG_2954-300x300.jpg 300w, https:\/\/ceak.org.br\/ceak\/wp-content\/uploads\/2019\/10\/IMG_2954-600x600.jpg 600w\" sizes=\"(max-width: 150px) 100vw, 150px\" \/><\/a>\n\t\t\t<\/dt><\/dl><br style=\"clear: both\" \/><dl class='gallery-item'>\n\t\t\t<dt class='gallery-icon portrait'>\n\t\t\t\t<a href='https:\/\/ceak.org.br\/ceak\/ceak-comemora-81-anos-com-encontro-de-corais\/img_3080-2\/#main'><img width=\"150\" height=\"150\" src=\"https:\/\/ceak.org.br\/ceak\/wp-content\/uploads\/2019\/10\/IMG_3080-150x150.jpg\" class=\"attachment-thumbnail size-thumbnail\" alt=\"\" loading=\"lazy\" srcset=\"https:\/\/ceak.org.br\/ceak\/wp-content\/uploads\/2019\/10\/IMG_3080-150x150.jpg 150w, https:\/\/ceak.org.br\/ceak\/wp-content\/uploads\/2019\/10\/IMG_3080-180x180.jpg 180w, https:\/\/ceak.org.br\/ceak\/wp-content\/uploads\/2019\/10\/IMG_3080-300x300.jpg 300w, https:\/\/ceak.org.br\/ceak\/wp-content\/uploads\/2019\/10\/IMG_3080-600x600.jpg 600w\" sizes=\"(max-width: 150px) 100vw, 150px\" \/><\/a>\n\t\t\t<\/dt><\/dl><dl class='gallery-item'>\n\t\t\t<dt class='gallery-icon landscape'>\n\t\t\t\t<a href='https:\/\/ceak.org.br\/ceak\/ceak-comemora-81-anos-com-encontro-de-corais\/dsc_0080_01-2\/#main'><img width=\"150\" height=\"150\" src=\"https:\/\/ceak.org.br\/ceak\/wp-content\/uploads\/2019\/10\/DSC_0080_01-150x150.jpg\" class=\"attachment-thumbnail size-thumbnail\" alt=\"\" loading=\"lazy\" srcset=\"https:\/\/ceak.org.br\/ceak\/wp-content\/uploads\/2019\/10\/DSC_0080_01-150x150.jpg 150w, https:\/\/ceak.org.br\/ceak\/wp-content\/uploads\/2019\/10\/DSC_0080_01-180x180.jpg 180w, https:\/\/ceak.org.br\/ceak\/wp-content\/uploads\/2019\/10\/DSC_0080_01-300x300.jpg 300w, https:\/\/ceak.org.br\/ceak\/wp-content\/uploads\/2019\/10\/DSC_0080_01-600x600.jpg 600w\" sizes=\"(max-width: 150px) 100vw, 150px\" \/><\/a>\n\t\t\t<\/dt><\/dl><dl class='gallery-item'>\n\t\t\t<dt class='gallery-icon landscape'>\n\t\t\t\t<a href='https:\/\/ceak.org.br\/ceak\/ceak-comemora-81-anos-com-encontro-de-corais\/dsc_0082-3\/#main'><img width=\"150\" height=\"150\" src=\"https:\/\/ceak.org.br\/ceak\/wp-content\/uploads\/2019\/10\/DSC_0082-150x150.jpg\" class=\"attachment-thumbnail size-thumbnail\" alt=\"\" loading=\"lazy\" srcset=\"https:\/\/ceak.org.br\/ceak\/wp-content\/uploads\/2019\/10\/DSC_0082-150x150.jpg 150w, https:\/\/ceak.org.br\/ceak\/wp-content\/uploads\/2019\/10\/DSC_0082-180x180.jpg 180w, https:\/\/ceak.org.br\/ceak\/wp-content\/uploads\/2019\/10\/DSC_0082-300x300.jpg 300w, https:\/\/ceak.org.br\/ceak\/wp-content\/uploads\/2019\/10\/DSC_0082-600x600.jpg 600w\" sizes=\"(max-width: 150px) 100vw, 150px\" \/><\/a>\n\t\t\t<\/dt><\/dl><br style=\"clear: both\" \/><dl class='gallery-item'>\n\t\t\t<dt class='gallery-icon landscape'>\n\t\t\t\t<a href='https:\/\/ceak.org.br\/ceak\/ceak-comemora-81-anos-com-encontro-de-corais\/dsc_0084-3\/#main'><img width=\"150\" height=\"150\" src=\"https:\/\/ceak.org.br\/ceak\/wp-content\/uploads\/2019\/10\/DSC_0084-150x150.jpg\" class=\"attachment-thumbnail size-thumbnail\" alt=\"\" loading=\"lazy\" srcset=\"https:\/\/ceak.org.br\/ceak\/wp-content\/uploads\/2019\/10\/DSC_0084-150x150.jpg 150w, https:\/\/ceak.org.br\/ceak\/wp-content\/uploads\/2019\/10\/DSC_0084-180x180.jpg 180w, https:\/\/ceak.org.br\/ceak\/wp-content\/uploads\/2019\/10\/DSC_0084-300x300.jpg 300w, https:\/\/ceak.org.br\/ceak\/wp-content\/uploads\/2019\/10\/DSC_0084-600x600.jpg 600w\" sizes=\"(max-width: 150px) 100vw, 150px\" \/><\/a>\n\t\t\t<\/dt><\/dl><dl class='gallery-item'>\n\t\t\t<dt class='gallery-icon landscape'>\n\t\t\t\t<a href='https:\/\/ceak.org.br\/ceak\/ceak-comemora-81-anos-com-encontro-de-corais\/dsc_0101-2\/#main'><img width=\"150\" height=\"150\" src=\"https:\/\/ceak.org.br\/ceak\/wp-content\/uploads\/2019\/10\/DSC_0101-150x150.jpg\" class=\"attachment-thumbnail size-thumbnail\" alt=\"\" loading=\"lazy\" srcset=\"https:\/\/ceak.org.br\/ceak\/wp-content\/uploads\/2019\/10\/DSC_0101-150x150.jpg 150w, https:\/\/ceak.org.br\/ceak\/wp-content\/uploads\/2019\/10\/DSC_0101-180x180.jpg 180w, https:\/\/ceak.org.br\/ceak\/wp-content\/uploads\/2019\/10\/DSC_0101-300x300.jpg 300w, https:\/\/ceak.org.br\/ceak\/wp-content\/uploads\/2019\/10\/DSC_0101-600x600.jpg 600w\" sizes=\"(max-width: 150px) 100vw, 150px\" \/><\/a>\n\t\t\t<\/dt><\/dl><dl class='gallery-item'>\n\t\t\t<dt class='gallery-icon landscape'>\n\t\t\t\t<a href='https:\/\/ceak.org.br\/ceak\/ceak-comemora-81-anos-com-encontro-de-corais\/dsc_0108-2\/#main'><img width=\"150\" height=\"150\" src=\"https:\/\/ceak.org.br\/ceak\/wp-content\/uploads\/2019\/10\/DSC_0108-150x150.jpg\" class=\"attachment-thumbnail size-thumbnail\" alt=\"\" loading=\"lazy\" srcset=\"https:\/\/ceak.org.br\/ceak\/wp-content\/uploads\/2019\/10\/DSC_0108-150x150.jpg 150w, https:\/\/ceak.org.br\/ceak\/wp-content\/uploads\/2019\/10\/DSC_0108-180x180.jpg 180w, https:\/\/ceak.org.br\/ceak\/wp-content\/uploads\/2019\/10\/DSC_0108-300x300.jpg 300w, https:\/\/ceak.org.br\/ceak\/wp-content\/uploads\/2019\/10\/DSC_0108-600x600.jpg 600w\" sizes=\"(max-width: 150px) 100vw, 150px\" \/><\/a>\n\t\t\t<\/dt><\/dl><br style=\"clear: both\" \/><dl class='gallery-item'>\n\t\t\t<dt class='gallery-icon landscape'>\n\t\t\t\t<a href='https:\/\/ceak.org.br\/ceak\/ceak-comemora-81-anos-com-encontro-de-corais\/dsc_0110-3\/#main'><img width=\"150\" height=\"150\" src=\"https:\/\/ceak.org.br\/ceak\/wp-content\/uploads\/2019\/10\/DSC_0110-150x150.jpg\" class=\"attachment-thumbnail size-thumbnail\" alt=\"\" loading=\"lazy\" srcset=\"https:\/\/ceak.org.br\/ceak\/wp-content\/uploads\/2019\/10\/DSC_0110-150x150.jpg 150w, https:\/\/ceak.org.br\/ceak\/wp-content\/uploads\/2019\/10\/DSC_0110-180x180.jpg 180w, https:\/\/ceak.org.br\/ceak\/wp-content\/uploads\/2019\/10\/DSC_0110-300x300.jpg 300w, https:\/\/ceak.org.br\/ceak\/wp-content\/uploads\/2019\/10\/DSC_0110-600x600.jpg 600w\" sizes=\"(max-width: 150px) 100vw, 150px\" \/><\/a>\n\t\t\t<\/dt><\/dl><dl class='gallery-item'>\n\t\t\t<dt class='gallery-icon landscape'>\n\t\t\t\t<a href='https:\/\/ceak.org.br\/ceak\/ceak-comemora-81-anos-com-encontro-de-corais\/dsc_0112-2\/#main'><img width=\"150\" height=\"150\" src=\"https:\/\/ceak.org.br\/ceak\/wp-content\/uploads\/2019\/10\/DSC_0112-150x150.jpg\" class=\"attachment-thumbnail size-thumbnail\" alt=\"\" loading=\"lazy\" srcset=\"https:\/\/ceak.org.br\/ceak\/wp-content\/uploads\/2019\/10\/DSC_0112-150x150.jpg 150w, https:\/\/ceak.org.br\/ceak\/wp-content\/uploads\/2019\/10\/DSC_0112-180x180.jpg 180w, https:\/\/ceak.org.br\/ceak\/wp-content\/uploads\/2019\/10\/DSC_0112-300x300.jpg 300w, https:\/\/ceak.org.br\/ceak\/wp-content\/uploads\/2019\/10\/DSC_0112-600x600.jpg 600w\" sizes=\"(max-width: 150px) 100vw, 150px\" \/><\/a>\n\t\t\t<\/dt><\/dl><dl class='gallery-item'>\n\t\t\t<dt class='gallery-icon landscape'>\n\t\t\t\t<a href='https:\/\/ceak.org.br\/ceak\/ceak-comemora-81-anos-com-encontro-de-corais\/dsc_0125-2\/#main'><img width=\"150\" height=\"150\" src=\"https:\/\/ceak.org.br\/ceak\/wp-content\/uploads\/2019\/10\/DSC_0125-150x150.jpg\" class=\"attachment-thumbnail size-thumbnail\" alt=\"\" loading=\"lazy\" srcset=\"https:\/\/ceak.org.br\/ceak\/wp-content\/uploads\/2019\/10\/DSC_0125-150x150.jpg 150w, https:\/\/ceak.org.br\/ceak\/wp-content\/uploads\/2019\/10\/DSC_0125-180x180.jpg 180w, https:\/\/ceak.org.br\/ceak\/wp-content\/uploads\/2019\/10\/DSC_0125-300x300.jpg 300w, https:\/\/ceak.org.br\/ceak\/wp-content\/uploads\/2019\/10\/DSC_0125-600x600.jpg 600w\" sizes=\"(max-width: 150px) 100vw, 150px\" \/><\/a>\n\t\t\t<\/dt><\/dl><br style=\"clear: both\" \/><dl class='gallery-item'>\n\t\t\t<dt class='gallery-icon landscape'>\n\t\t\t\t<a href='https:\/\/ceak.org.br\/ceak\/ceak-comemora-81-anos-com-encontro-de-corais\/dsc_0129-2\/#main'><img width=\"150\" height=\"150\" src=\"https:\/\/ceak.org.br\/ceak\/wp-content\/uploads\/2019\/10\/DSC_0129-150x150.jpg\" class=\"attachment-thumbnail size-thumbnail\" alt=\"\" loading=\"lazy\" srcset=\"https:\/\/ceak.org.br\/ceak\/wp-content\/uploads\/2019\/10\/DSC_0129-150x150.jpg 150w, https:\/\/ceak.org.br\/ceak\/wp-content\/uploads\/2019\/10\/DSC_0129-180x180.jpg 180w, https:\/\/ceak.org.br\/ceak\/wp-content\/uploads\/2019\/10\/DSC_0129-300x300.jpg 300w, https:\/\/ceak.org.br\/ceak\/wp-content\/uploads\/2019\/10\/DSC_0129-600x600.jpg 600w\" sizes=\"(max-width: 150px) 100vw, 150px\" \/><\/a>\n\t\t\t<\/dt><\/dl><dl class='gallery-item'>\n\t\t\t<dt class='gallery-icon landscape'>\n\t\t\t\t<a href='https:\/\/ceak.org.br\/ceak\/ceak-comemora-81-anos-com-encontro-de-corais\/img_0719-2\/#main'><img width=\"150\" height=\"150\" src=\"https:\/\/ceak.org.br\/ceak\/wp-content\/uploads\/2019\/10\/IMG_0719-150x150.jpg\" class=\"attachment-thumbnail size-thumbnail\" alt=\"\" loading=\"lazy\" srcset=\"https:\/\/ceak.org.br\/ceak\/wp-content\/uploads\/2019\/10\/IMG_0719-150x150.jpg 150w, https:\/\/ceak.org.br\/ceak\/wp-content\/uploads\/2019\/10\/IMG_0719-180x180.jpg 180w, https:\/\/ceak.org.br\/ceak\/wp-content\/uploads\/2019\/10\/IMG_0719-300x300.jpg 300w, https:\/\/ceak.org.br\/ceak\/wp-content\/uploads\/2019\/10\/IMG_0719-600x600.jpg 600w\" sizes=\"(max-width: 150px) 100vw, 150px\" \/><\/a>\n\t\t\t<\/dt><\/dl><dl class='gallery-item'>\n\t\t\t<dt class='gallery-icon landscape'>\n\t\t\t\t<a href='https:\/\/ceak.org.br\/ceak\/ceak-comemora-81-anos-com-encontro-de-corais\/img_0743-2\/#main'><img width=\"150\" height=\"150\" src=\"https:\/\/ceak.org.br\/ceak\/wp-content\/uploads\/2019\/10\/IMG_0743-150x150.jpg\" class=\"attachment-thumbnail size-thumbnail\" alt=\"\" loading=\"lazy\" srcset=\"https:\/\/ceak.org.br\/ceak\/wp-content\/uploads\/2019\/10\/IMG_0743-150x150.jpg 150w, https:\/\/ceak.org.br\/ceak\/wp-content\/uploads\/2019\/10\/IMG_0743-180x180.jpg 180w, https:\/\/ceak.org.br\/ceak\/wp-content\/uploads\/2019\/10\/IMG_0743-300x300.jpg 300w, https:\/\/ceak.org.br\/ceak\/wp-content\/uploads\/2019\/10\/IMG_0743-600x600.jpg 600w\" sizes=\"(max-width: 150px) 100vw, 150px\" \/><\/a>\n\t\t\t<\/dt><\/dl><br style=\"clear: both\" \/><dl class='gallery-item'>\n\t\t\t<dt class='gallery-icon landscape'>\n\t\t\t\t<a href='https:\/\/ceak.org.br\/ceak\/ceak-comemora-81-anos-com-encontro-de-corais\/img_0744-2\/#main'><img width=\"150\" height=\"150\" src=\"https:\/\/ceak.org.br\/ceak\/wp-content\/uploads\/2019\/10\/IMG_0744-150x150.jpg\" class=\"attachment-thumbnail size-thumbnail\" alt=\"\" loading=\"lazy\" srcset=\"https:\/\/ceak.org.br\/ceak\/wp-content\/uploads\/2019\/10\/IMG_0744-150x150.jpg 150w, https:\/\/ceak.org.br\/ceak\/wp-content\/uploads\/2019\/10\/IMG_0744-180x180.jpg 180w, https:\/\/ceak.org.br\/ceak\/wp-content\/uploads\/2019\/10\/IMG_0744-300x300.jpg 300w, https:\/\/ceak.org.br\/ceak\/wp-content\/uploads\/2019\/10\/IMG_0744-600x600.jpg 600w\" sizes=\"(max-width: 150px) 100vw, 150px\" \/><\/a>\n\t\t\t<\/dt><\/dl><dl class='gallery-item'>\n\t\t\t<dt class='gallery-icon landscape'>\n\t\t\t\t<a href='https:\/\/ceak.org.br\/ceak\/ceak-comemora-81-anos-com-encontro-de-corais\/img_3042-2\/#main'><img width=\"150\" height=\"150\" src=\"https:\/\/ceak.org.br\/ceak\/wp-content\/uploads\/2019\/10\/IMG_3042-150x150.jpg\" class=\"attachment-thumbnail size-thumbnail\" alt=\"\" loading=\"lazy\" srcset=\"https:\/\/ceak.org.br\/ceak\/wp-content\/uploads\/2019\/10\/IMG_3042-150x150.jpg 150w, https:\/\/ceak.org.br\/ceak\/wp-content\/uploads\/2019\/10\/IMG_3042-180x180.jpg 180w, https:\/\/ceak.org.br\/ceak\/wp-content\/uploads\/2019\/10\/IMG_3042-300x300.jpg 300w, https:\/\/ceak.org.br\/ceak\/wp-content\/uploads\/2019\/10\/IMG_3042-600x600.jpg 600w\" sizes=\"(max-width: 150px) 100vw, 150px\" \/><\/a>\n\t\t\t<\/dt><\/dl><dl class='gallery-item'>\n\t\t\t<dt class='gallery-icon landscape'>\n\t\t\t\t<a href='https:\/\/ceak.org.br\/ceak\/ceak-comemora-81-anos-com-encontro-de-corais\/img_3063-2\/#main'><img width=\"150\" height=\"150\" src=\"https:\/\/ceak.org.br\/ceak\/wp-content\/uploads\/2019\/10\/IMG_3063-150x150.jpg\" class=\"attachment-thumbnail size-thumbnail\" alt=\"\" loading=\"lazy\" srcset=\"https:\/\/ceak.org.br\/ceak\/wp-content\/uploads\/2019\/10\/IMG_3063-150x150.jpg 150w, https:\/\/ceak.org.br\/ceak\/wp-content\/uploads\/2019\/10\/IMG_3063-180x180.jpg 180w, https:\/\/ceak.org.br\/ceak\/wp-content\/uploads\/2019\/10\/IMG_3063-300x300.jpg 300w, https:\/\/ceak.org.br\/ceak\/wp-content\/uploads\/2019\/10\/IMG_3063-600x600.jpg 600w\" sizes=\"(max-width: 150px) 100vw, 150px\" \/><\/a>\n\t\t\t<\/dt><\/dl><br style=\"clear: both\" \/><dl class='gallery-item'>\n\t\t\t<dt class='gallery-icon landscape'>\n\t\t\t\t<a href='https:\/\/ceak.org.br\/ceak\/ceak-comemora-81-anos-com-encontro-de-corais\/img_3071-2\/#main'><img width=\"150\" height=\"150\" src=\"https:\/\/ceak.org.br\/ceak\/wp-content\/uploads\/2019\/10\/IMG_3071-150x150.jpg\" class=\"attachment-thumbnail size-thumbnail\" alt=\"\" loading=\"lazy\" srcset=\"https:\/\/ceak.org.br\/ceak\/wp-content\/uploads\/2019\/10\/IMG_3071-150x150.jpg 150w, https:\/\/ceak.org.br\/ceak\/wp-content\/uploads\/2019\/10\/IMG_3071-180x180.jpg 180w, https:\/\/ceak.org.br\/ceak\/wp-content\/uploads\/2019\/10\/IMG_3071-300x300.jpg 300w, https:\/\/ceak.org.br\/ceak\/wp-content\/uploads\/2019\/10\/IMG_3071-600x600.jpg 600w\" sizes=\"(max-width: 150px) 100vw, 150px\" \/><\/a>\n\t\t\t<\/dt><\/dl><dl class='gallery-item'>\n\t\t\t<dt class='gallery-icon landscape'>\n\t\t\t\t<a href='https:\/\/ceak.org.br\/ceak\/ceak-comemora-81-anos-com-encontro-de-corais\/img_3085-2\/#main'><img width=\"150\" height=\"150\" src=\"https:\/\/ceak.org.br\/ceak\/wp-content\/uploads\/2019\/10\/IMG_3085-150x150.jpg\" class=\"attachment-thumbnail size-thumbnail\" alt=\"\" loading=\"lazy\" srcset=\"https:\/\/ceak.org.br\/ceak\/wp-content\/uploads\/2019\/10\/IMG_3085-150x150.jpg 150w, https:\/\/ceak.org.br\/ceak\/wp-content\/uploads\/2019\/10\/IMG_3085-180x180.jpg 180w, https:\/\/ceak.org.br\/ceak\/wp-content\/uploads\/2019\/10\/IMG_3085-300x300.jpg 300w, https:\/\/ceak.org.br\/ceak\/wp-content\/uploads\/2019\/10\/IMG_3085-600x600.jpg 600w\" sizes=\"(max-width: 150px) 100vw, 150px\" \/><\/a>\n\t\t\t<\/dt><\/dl><dl class='gallery-item'>\n\t\t\t<dt class='gallery-icon landscape'>\n\t\t\t\t<a href='https:\/\/ceak.org.br\/ceak\/ceak-comemora-81-anos-com-encontro-de-corais\/img_3089-2\/#main'><img width=\"150\" height=\"150\" src=\"https:\/\/ceak.org.br\/ceak\/wp-content\/uploads\/2019\/10\/IMG_3089-150x150.jpg\" class=\"attachment-thumbnail size-thumbnail\" alt=\"\" loading=\"lazy\" srcset=\"https:\/\/ceak.org.br\/ceak\/wp-content\/uploads\/2019\/10\/IMG_3089-150x150.jpg 150w, https:\/\/ceak.org.br\/ceak\/wp-content\/uploads\/2019\/10\/IMG_3089-180x180.jpg 180w, https:\/\/ceak.org.br\/ceak\/wp-content\/uploads\/2019\/10\/IMG_3089-300x300.jpg 300w, https:\/\/ceak.org.br\/ceak\/wp-content\/uploads\/2019\/10\/IMG_3089-600x600.jpg 600w\" sizes=\"(max-width: 150px) 100vw, 150px\" \/><\/a>\n\t\t\t<\/dt><\/dl><br style=\"clear: both\" \/><dl class='gallery-item'>\n\t\t\t<dt class='gallery-icon landscape'>\n\t\t\t\t<a href='https:\/\/ceak.org.br\/ceak\/ceak-comemora-81-anos-com-encontro-de-corais\/img_2982-2\/#main'><img width=\"150\" height=\"150\" src=\"https:\/\/ceak.org.br\/ceak\/wp-content\/uploads\/2019\/10\/IMG_2982-150x150.jpg\" class=\"attachment-thumbnail size-thumbnail\" alt=\"\" loading=\"lazy\" srcset=\"https:\/\/ceak.org.br\/ceak\/wp-content\/uploads\/2019\/10\/IMG_2982-150x150.jpg 150w, https:\/\/ceak.org.br\/ceak\/wp-content\/uploads\/2019\/10\/IMG_2982-180x180.jpg 180w, https:\/\/ceak.org.br\/ceak\/wp-content\/uploads\/2019\/10\/IMG_2982-300x300.jpg 300w, https:\/\/ceak.org.br\/ceak\/wp-content\/uploads\/2019\/10\/IMG_2982-600x600.jpg 600w\" sizes=\"(max-width: 150px) 100vw, 150px\" \/><\/a>\n\t\t\t<\/dt><\/dl><dl class='gallery-item'>\n\t\t\t<dt class='gallery-icon landscape'>\n\t\t\t\t<a href='https:\/\/ceak.org.br\/ceak\/ceak-comemora-81-anos-com-encontro-de-corais\/img_3096-2\/#main'><img width=\"150\" height=\"150\" src=\"https:\/\/ceak.org.br\/ceak\/wp-content\/uploads\/2019\/10\/IMG_3096-150x150.jpg\" class=\"attachment-thumbnail size-thumbnail\" alt=\"\" loading=\"lazy\" srcset=\"https:\/\/ceak.org.br\/ceak\/wp-content\/uploads\/2019\/10\/IMG_3096-150x150.jpg 150w, https:\/\/ceak.org.br\/ceak\/wp-content\/uploads\/2019\/10\/IMG_3096-180x180.jpg 180w, https:\/\/ceak.org.br\/ceak\/wp-content\/uploads\/2019\/10\/IMG_3096-300x300.jpg 300w, https:\/\/ceak.org.br\/ceak\/wp-content\/uploads\/2019\/10\/IMG_3096-600x600.jpg 600w\" sizes=\"(max-width: 150px) 100vw, 150px\" \/><\/a>\n\t\t\t<\/dt><\/dl><dl class='gallery-item'>\n\t\t\t<dt class='gallery-icon landscape'>\n\t\t\t\t<a href='https:\/\/ceak.org.br\/ceak\/ceak-comemora-81-anos-com-encontro-de-corais\/img_3100-2\/#main'><img width=\"150\" height=\"150\" src=\"https:\/\/ceak.org.br\/ceak\/wp-content\/uploads\/2019\/10\/IMG_3100-150x150.jpg\" class=\"attachment-thumbnail size-thumbnail\" alt=\"\" loading=\"lazy\" srcset=\"https:\/\/ceak.org.br\/ceak\/wp-content\/uploads\/2019\/10\/IMG_3100-150x150.jpg 150w, https:\/\/ceak.org.br\/ceak\/wp-content\/uploads\/2019\/10\/IMG_3100-180x180.jpg 180w, https:\/\/ceak.org.br\/ceak\/wp-content\/uploads\/2019\/10\/IMG_3100-300x300.jpg 300w, https:\/\/ceak.org.br\/ceak\/wp-content\/uploads\/2019\/10\/IMG_3100-600x600.jpg 600w\" sizes=\"(max-width: 150px) 100vw, 150px\" \/><\/a>\n\t\t\t<\/dt><\/dl><br style=\"clear: both\" \/><dl class='gallery-item'>\n\t\t\t<dt class='gallery-icon landscape'>\n\t\t\t\t<a href='https:\/\/ceak.org.br\/ceak\/ceak-comemora-81-anos-com-encontro-de-corais\/img_3101-2\/#main'><img width=\"150\" height=\"150\" src=\"https:\/\/ceak.org.br\/ceak\/wp-content\/uploads\/2019\/10\/IMG_3101-150x150.jpg\" class=\"attachment-thumbnail size-thumbnail\" alt=\"\" loading=\"lazy\" srcset=\"https:\/\/ceak.org.br\/ceak\/wp-content\/uploads\/2019\/10\/IMG_3101-150x150.jpg 150w, https:\/\/ceak.org.br\/ceak\/wp-content\/uploads\/2019\/10\/IMG_3101-180x180.jpg 180w, https:\/\/ceak.org.br\/ceak\/wp-content\/uploads\/2019\/10\/IMG_3101-300x300.jpg 300w, https:\/\/ceak.org.br\/ceak\/wp-content\/uploads\/2019\/10\/IMG_3101-600x600.jpg 600w\" sizes=\"(max-width: 150px) 100vw, 150px\" \/><\/a>\n\t\t\t<\/dt><\/dl>\n\t\t\t<br style='clear: both' \/>\n\t\t<\/div>\n\n<p>&nbsp;<\/p>\n","protected":false},"excerpt":{"rendered":"<p>O Centro Esp\u00edrita Allan Kardec comemorou, no dia 14 de setembro, seus 81 anos de trabalho e dedica\u00e7\u00e3o \u00e0 assist\u00eancia social e divulga\u00e7\u00e3o da doutrina esp\u00edrita. Estiveram presentes mais de 400 pessoas que prestigiaram o IV\u00a0Encontro de Corais: Coral Allan Kardec que tamb\u00e9m comemorou 30 anos, Coral Meimei, de S\u00e3o Bernardo do Campo-SP e Coral [&hellip;]\n","protected":false},"author":2,"featured_media":4918,"comment_status":"closed","ping_status":"open","sticky":false,"template":"","format":"standard","meta":[],"categories":[9,32],"tags":[],"_links":{"self":[{"href":"https:\/\/ceak.org.br\/ceak\/wp-json\/wp\/v2\/posts\/4904"}],"collection":[{"href":"https:\/\/ceak.org.br\/ceak\/wp-json\/wp\/v2\/posts"}],"about":[{"href":"https:\/\/ceak.org.br\/ceak\/wp-json\/wp\/v2\/types\/post"}],"author":[{"embeddable":true,"href":"https:\/\/ceak.org.br\/ceak\/wp-json\/wp\/v2\/users\/2"}],"replies":[{"embeddable":true,"href":"https:\/\/ceak.org.br\/ceak\/wp-json\/wp\/v2\/comments?post=4904"}],"version-history":[{"count":1,"href":"https:\/\/ceak.org.br\/ceak\/wp-json\/wp\/v2\/posts\/4904\/revisions"}],"predecessor-version":[{"id":20738,"href":"https:\/\/ceak.org.br\/ceak\/wp-json\/wp\/v2\/posts\/4904\/revisions\/20738"}],"wp:featuredmedia":[{"embeddable":true,"href":"https:\/\/ceak.org.br\/ceak\/wp-json\/wp\/v2\/media\/4918"}],"wp:attachment":[{"href":"https:\/\/ceak.org.br\/ceak\/wp-json\/wp\/v2\/media?parent=4904"}],"wp:term":[{"taxonomy":"category","embeddable":true,"href":"https:\/\/ceak.org.br\/ceak\/wp-json\/wp\/v2\/categories?post=4904"},{"taxonomy":"post_tag","embeddable":true,"href":"https:\/\/ceak.org.br\/ceak\/wp-json\/wp\/v2\/tags?post=4904"}],"curies":[{"name":"wp","href":"https:\/\/api.w.org\/{rel}","templated":true}]}}