{"id":7708,"date":"2020-09-10T10:52:38","date_gmt":"2020-09-10T13:52:38","guid":{"rendered":"https:\/\/ceak.org.br\/ceak\/?p=7708"},"modified":"2025-10-28T18:54:44","modified_gmt":"2025-10-28T21:54:44","slug":"vamos-conversar-2","status":"publish","type":"post","link":"https:\/\/ceak.org.br\/ceak\/vamos-conversar-2\/","title":{"rendered":"Uma conversa pode salvar uma vida"},"content":{"rendered":"<p><strong>10 DE SETEMBRO \u00e9 comemorado o Dia Mundial de Preven\u00e7\u00e3o do Suic\u00eddio, mas o m\u00eas inteiro \u00e9 lembrado para mostrar a import\u00e2ncia da Conversa, da Escuta. Conversar \u00e9 sempre a melhor op\u00e7\u00e3o!<\/strong><\/p>\n<p><b>Setembro Amarelo<\/b>\u00a0\u00e9 uma campanha brasileira de preven\u00e7\u00e3o ao suic\u00eddio, iniciada em 2015 pelo\u00a0pelo Centro de Valoriza\u00e7\u00e3o da Vida (CVV), do Conselho Federal de Medicina (CFM) e da Associa\u00e7\u00e3o Brasileira de Psiquiatria (ABP).<\/p>\n<p>Durante o m\u00eas inteiro acontecem campanhas de diversas formas para a conscientiza\u00e7\u00e3o e import\u00e2ncia da luta pela preven\u00e7\u00e3o ao suic\u00eddio.<\/p>\n<p><strong>E tem como se prevenir?<\/strong> Sim, procurando ajuda, conversando, ouvindo quem precisa. Em muitas situa\u00e7\u00f5es, a pessoa n\u00e3o d\u00e1 sinais de depress\u00e3o ou sentimentos que a estejam levando a essa atitude. Por isso, fam\u00edlia e amigos precisam estar atentos. Todos precisamos estar atentos. <strong>Uma conversa pode salvar uma vida!<\/strong><\/p>\n<p>Leia mais sobre o assunto que certamente\u00a0vai te ajudar nessa caminhada. <strong>Clique nos t\u00edtulos e leia as primeiras p\u00e1ginas!<\/strong><\/p>\n<p><a href=\"http:\/\/www.allankardec.org.br\/upload\/livro\/591_comportamento-suicida-na-infancia-e-na-adolescencia.pdf\" target=\"_blank\" rel=\"noopener\">Comportamento Suicida na Inf\u00e2ncia e na Adolesc\u00eancia-Conhecer para Prevenir (An\u00e1lise Esp\u00edrita)<\/a> &#8211; Clara Gonzalez<\/p>\n<p><a href=\"http:\/\/www.allankardec.org.br\/upload\/livro\/392_ante-os-problemas-humanos-demo-10p.pdf\">Ante os Problemas Humanos<\/a> &#8211; Therezinha Oliveira<\/p>\n<p><a href=\"http:\/\/www.allankardec.org.br\/upload\/livro\/124_convite-a-paz-demo-11p.pdf\">Convite \u00e0 Paz<\/a> &#8211; Clayton Levy (Esp\u00edrito Augusto)<\/p>\n<p><a href=\"http:\/\/www.allankardec.org.br\/upload\/livro\/333_e-jesus-disse-demo-10p.pdf\">E Jesus Disse<\/a> &#8211; Therezinha Oliveira<\/p>\n<p><a href=\"http:\/\/www.allankardec.org.br\/upload\/livro\/402_mensagem-do-dia-demo-10p.pdf\">Mensagem do Dia<\/a> &#8211; Clayton Levy (esp\u00edrito Scheila).<\/p>\n<p><a href=\"http:\/\/www.allankardec.org.br\/upload\/livro\/905_primeiras-paginas-um-caso-de-amor-com-a-vida.pdf\">Um caso de amor com a Vida<\/a> &#8211; Regis de Morais<\/p>\n<p><strong>Outras obras:<\/strong><\/p>\n<ul>\n<li>O Evangelho Segundo o Espiritismo<\/li>\n<li>Viver \u00e9 a Melhor Op\u00e7\u00e3o &#8211; Andr\u00e9 Trigueiro<\/li>\n<\/ul>\n","protected":false},"excerpt":{"rendered":"<p>10 DE SETEMBRO \u00e9 comemorado o Dia Mundial de Preven\u00e7\u00e3o do Suic\u00eddio, mas o m\u00eas inteiro \u00e9 lembrado para mostrar a import\u00e2ncia da Conversa, da Escuta. Conversar \u00e9 sempre a melhor op\u00e7\u00e3o! Setembro Amarelo\u00a0\u00e9 uma campanha brasileira de preven\u00e7\u00e3o ao suic\u00eddio, iniciada em 2015 pelo\u00a0pelo Centro de Valoriza\u00e7\u00e3o da Vida (CVV), do Conselho Federal de [&hellip;]\n","protected":false},"author":2,"featured_media":4553,"comment_status":"closed","ping_status":"open","sticky":false,"template":"","format":"standard","meta":[],"categories":[38],"tags":[57,55,58,56],"_links":{"self":[{"href":"https:\/\/ceak.org.br\/ceak\/wp-json\/wp\/v2\/posts\/7708"}],"collection":[{"href":"https:\/\/ceak.org.br\/ceak\/wp-json\/wp\/v2\/posts"}],"about":[{"href":"https:\/\/ceak.org.br\/ceak\/wp-json\/wp\/v2\/types\/post"}],"author":[{"embeddable":true,"href":"https:\/\/ceak.org.br\/ceak\/wp-json\/wp\/v2\/users\/2"}],"replies":[{"embeddable":true,"href":"https:\/\/ceak.org.br\/ceak\/wp-json\/wp\/v2\/comments?post=7708"}],"version-history":[{"count":1,"href":"https:\/\/ceak.org.br\/ceak\/wp-json\/wp\/v2\/posts\/7708\/revisions"}],"predecessor-version":[{"id":20709,"href":"https:\/\/ceak.org.br\/ceak\/wp-json\/wp\/v2\/posts\/7708\/revisions\/20709"}],"wp:featuredmedia":[{"embeddable":true,"href":"https:\/\/ceak.org.br\/ceak\/wp-json\/wp\/v2\/media\/4553"}],"wp:attachment":[{"href":"https:\/\/ceak.org.br\/ceak\/wp-json\/wp\/v2\/media?parent=7708"}],"wp:term":[{"taxonomy":"category","embeddable":true,"href":"https:\/\/ceak.org.br\/ceak\/wp-json\/wp\/v2\/categories?post=7708"},{"taxonomy":"post_tag","embeddable":true,"href":"https:\/\/ceak.org.br\/ceak\/wp-json\/wp\/v2\/tags?post=7708"}],"curies":[{"name":"wp","href":"https:\/\/api.w.org\/{rel}","templated":true}]}}