{"id":7827,"date":"2020-10-11T15:50:27","date_gmt":"2020-10-11T18:50:27","guid":{"rendered":"https:\/\/ceak.org.br\/ceak\/?p=7827"},"modified":"2025-10-28T18:54:44","modified_gmt":"2025-10-28T21:54:44","slug":"outubro-mes-de-kardec","status":"publish","type":"post","link":"https:\/\/ceak.org.br\/ceak\/outubro-mes-de-kardec\/","title":{"rendered":"Outubro: M\u00eas de Kardec"},"content":{"rendered":"<p>O educador Allan Kardec, ou\u00a0<b>Hippolyte L\u00e9on Denizard Rivail, <\/b>nasceu em Lyon, na Fran\u00e7a, em 3 de outubro de 1804. Assim, <strong>outubro<\/strong> \u00e9 lembrado como o <strong>M\u00eas de Karde<\/strong>c para rememorar toda a sua trajet\u00f3ria na codifica\u00e7\u00e3o, sistematiza\u00e7\u00e3o e divulga\u00e7\u00e3o da Doutrina Esp\u00edrita. Par lembrar essa data t\u00e3o importante, o CEAK divulgar\u00e1, em suas redes sociais, durante todo o m\u00eas de outubro, frases de Kardec. Aqui deixamos um pequeno hist\u00f3rico sobre a codifica\u00e7\u00e3o e as principais obras.<\/p>\n<p><strong>Kardec<\/strong> \u00e9 conhecido como <strong>Codificador da Doutrina Esp\u00edrita<\/strong> porque reuniu, compilou e sistematizou os textos recebidos por esp\u00edritos, atrav\u00e9s de diversos m\u00e9diuns, com temas que tratam sobre a imortalidade da alma, as leis morais, a vida presente, a vida futura e o porvir da humanidade, mediunidade, cria\u00e7\u00e3o do Universo, a forma\u00e7\u00e3o dos mundos, o surgimento do esp\u00edrito, e muitos outros.<\/p>\n<p><strong>As Obras B\u00e1sicas <\/strong>s\u00e3o:<\/p>\n<ol>\n<li>O Livro dos Esp\u00edritos, Princ\u00edpios da Doutrina Esp\u00edrita, publicado em 18 de abril de 1857;<\/li>\n<li>O Livro dos M\u00e9diuns, em janeiro de 1861;<\/li>\n<li>O Evangelho segundo o Espiritismo, em abril de 1864;<\/li>\n<li>O C\u00e9u e o Inferno ou A Justi\u00e7a Divina Segundo o Espiritismo, em 1 de agosto de 1865;<\/li>\n<li>A G\u00eanese, os Milagres e as Predi\u00e7\u00f5es segundo o Espiritismo, em janeiro de 1868.<\/li>\n<\/ol>\n<p>Ap\u00f3s o desencarne do Codificador, em 31 de mar\u00e7o de 1869, foi publicado:<\/p>\n<ul>\n<li>Obras P\u00f3stumas, em 1890.<\/li>\n<\/ul>\n<p><strong>Algumas obras complementares:<\/strong><\/p>\n<ul>\n<li>Revista Esp\u00edrita\u00a0(peri\u00f3dico de estudos psicol\u00f3gicos), publicada mensalmente de\u00a01 de janeiro\u00a0de\u00a01858\u00a0a\u00a01869;<\/li>\n<li>O que \u00e9 o Espiritismo?\u00a0(resumo sob a forma de perguntas e respostas), em\u00a01859.<\/li>\n<\/ul>\n<p style=\"text-align: center;\"><strong><em>&#8220;F\u00e9 inabal\u00e1vel s\u00f3 o \u00e9 a que pode encarar frente a frente a raz\u00e3o, em todas as \u00e9pocas da Humanidade&#8221;<\/em><\/strong><\/p>\n<p style=\"text-align: center;\"><strong><em>&#8220;Fora da Caridade n\u00e3o h\u00e1 salva\u00e7\u00e3o&#8221;<\/em><\/strong><\/p>\n<p style=\"text-align: center;\"><em><strong>&#8220;Trabalho, solidariedade, toler\u00e2ncia&#8221;<\/strong><\/em><\/p>\n<p style=\"text-align: center;\"><strong><em>&#8211; Allan Kardec &#8211;<\/em><\/strong><\/p>\n","protected":false},"excerpt":{"rendered":"<p>O educador Allan Kardec, ou\u00a0Hippolyte L\u00e9on Denizard Rivail, nasceu em Lyon, na Fran\u00e7a, em 3 de outubro de 1804. Assim, outubro \u00e9 lembrado como o M\u00eas de Kardec para rememorar toda a sua trajet\u00f3ria na codifica\u00e7\u00e3o, sistematiza\u00e7\u00e3o e divulga\u00e7\u00e3o da Doutrina Esp\u00edrita. Par lembrar essa data t\u00e3o importante, o CEAK divulgar\u00e1, em suas redes sociais, [&hellip;]\n","protected":false},"author":2,"featured_media":7828,"comment_status":"closed","ping_status":"open","sticky":false,"template":"","format":"standard","meta":[],"categories":[9],"tags":[14,61,15],"_links":{"self":[{"href":"https:\/\/ceak.org.br\/ceak\/wp-json\/wp\/v2\/posts\/7827"}],"collection":[{"href":"https:\/\/ceak.org.br\/ceak\/wp-json\/wp\/v2\/posts"}],"about":[{"href":"https:\/\/ceak.org.br\/ceak\/wp-json\/wp\/v2\/types\/post"}],"author":[{"embeddable":true,"href":"https:\/\/ceak.org.br\/ceak\/wp-json\/wp\/v2\/users\/2"}],"replies":[{"embeddable":true,"href":"https:\/\/ceak.org.br\/ceak\/wp-json\/wp\/v2\/comments?post=7827"}],"version-history":[{"count":1,"href":"https:\/\/ceak.org.br\/ceak\/wp-json\/wp\/v2\/posts\/7827\/revisions"}],"predecessor-version":[{"id":20708,"href":"https:\/\/ceak.org.br\/ceak\/wp-json\/wp\/v2\/posts\/7827\/revisions\/20708"}],"wp:featuredmedia":[{"embeddable":true,"href":"https:\/\/ceak.org.br\/ceak\/wp-json\/wp\/v2\/media\/7828"}],"wp:attachment":[{"href":"https:\/\/ceak.org.br\/ceak\/wp-json\/wp\/v2\/media?parent=7827"}],"wp:term":[{"taxonomy":"category","embeddable":true,"href":"https:\/\/ceak.org.br\/ceak\/wp-json\/wp\/v2\/categories?post=7827"},{"taxonomy":"post_tag","embeddable":true,"href":"https:\/\/ceak.org.br\/ceak\/wp-json\/wp\/v2\/tags?post=7827"}],"curies":[{"name":"wp","href":"https:\/\/api.w.org\/{rel}","templated":true}]}}