{"id":8487,"date":"2021-01-14T16:05:10","date_gmt":"2021-01-14T19:05:10","guid":{"rendered":"https:\/\/ceak.org.br\/ceak\/?p=8487"},"modified":"2025-10-28T18:54:44","modified_gmt":"2025-10-28T21:54:44","slug":"programa-voluntariado-ceak","status":"publish","type":"post","link":"https:\/\/ceak.org.br\/ceak\/programa-voluntariado-ceak\/","title":{"rendered":"Programa Volunt\u00e1riado CEAK"},"content":{"rendered":"<p>Atrav\u00e9s do <strong>Programa de Voluntariado<\/strong>, voc\u00ea vai conhecer quais as \u00e1reas dispon\u00edveis, locais e hor\u00e1rios que voc\u00ea pode atuar no CEAK de acordo com a sua disponibilidade, e ainda conhecer no\u00e7\u00f5es sobre o terceiro setor, legisla\u00e7\u00e3o e voluntariado.<\/p>\n<p><strong>Este ano<\/strong>, devido \u00e0 pandemia da Covid-19, <strong>os treinamentos acontecer\u00e3o de forma on-line.<\/strong><\/p>\n<p>Escolha o melhor dia e hor\u00e1rio e fa\u00e7a sua inscri\u00e7\u00e3o agora mesmo. <strong><a href=\"https:\/\/docs.google.com\/forms\/d\/e\/1FAIpQLSdWrteSUqvygUJnEvx3skm5OWnWIGnrRE2NDH-GRbVqT4o5BQ\/viewform\" target=\"_blank\" rel=\"noopener\">CLIQUE AQUI!<\/a><\/strong><\/p>\n<div class=\"freebirdFormviewerComponentsQuestionRadioChoice freebirdFormviewerComponentsQuestionRadioOptionContainer\">\n<div class=\"docssharedWizToggleLabeledLabelWrapper exportLabelWrapper\">\n<div class=\"docssharedWizToggleLabeledContent\">\n<ul>\n<li class=\"docssharedWizToggleLabeledPrimaryText\"><span class=\"docssharedWizToggleLabeledLabelText exportLabel freebirdFormviewerComponentsQuestionRadioLabel\" dir=\"auto\">20\/mar\u00e7o (s\u00e1bado) &#8211; 9h \u00e0s 11h30<\/span><\/li>\n<li class=\"docssharedWizToggleLabeledPrimaryText\">19\/maio (quarta-feira) &#8211; 19h \u00e0s 21h30<\/li>\n<li class=\"docssharedWizToggleLabeledPrimaryText\">19\/junho (s\u00e1bado) &#8211; 9h \u00e0s 11h30<\/li>\n<li class=\"docssharedWizToggleLabeledPrimaryText\">21\/agosto (s\u00e1bado) &#8211; 9h \u00e0s 11h30<\/li>\n<li class=\"docssharedWizToggleLabeledPrimaryText\">23\/outubro (s\u00e1bado) &#8211; 9h \u00e0s 11h30<\/li>\n<\/ul>\n<\/div>\n<\/div>\n<\/div>\n","protected":false},"excerpt":{"rendered":"<p>Atrav\u00e9s do Programa de Voluntariado, voc\u00ea vai conhecer quais as \u00e1reas dispon\u00edveis, locais e hor\u00e1rios que voc\u00ea pode atuar no CEAK de acordo com a sua disponibilidade, e ainda conhecer no\u00e7\u00f5es sobre o terceiro setor, legisla\u00e7\u00e3o e voluntariado. Este ano, devido \u00e0 pandemia da Covid-19, os treinamentos acontecer\u00e3o de forma on-line. Escolha o melhor dia [&hellip;]\n","protected":false},"author":2,"featured_media":8493,"comment_status":"closed","ping_status":"open","sticky":false,"template":"","format":"standard","meta":[],"categories":[1],"tags":[],"_links":{"self":[{"href":"https:\/\/ceak.org.br\/ceak\/wp-json\/wp\/v2\/posts\/8487"}],"collection":[{"href":"https:\/\/ceak.org.br\/ceak\/wp-json\/wp\/v2\/posts"}],"about":[{"href":"https:\/\/ceak.org.br\/ceak\/wp-json\/wp\/v2\/types\/post"}],"author":[{"embeddable":true,"href":"https:\/\/ceak.org.br\/ceak\/wp-json\/wp\/v2\/users\/2"}],"replies":[{"embeddable":true,"href":"https:\/\/ceak.org.br\/ceak\/wp-json\/wp\/v2\/comments?post=8487"}],"version-history":[{"count":1,"href":"https:\/\/ceak.org.br\/ceak\/wp-json\/wp\/v2\/posts\/8487\/revisions"}],"predecessor-version":[{"id":13281,"href":"https:\/\/ceak.org.br\/ceak\/wp-json\/wp\/v2\/posts\/8487\/revisions\/13281"}],"wp:featuredmedia":[{"embeddable":true,"href":"https:\/\/ceak.org.br\/ceak\/wp-json\/wp\/v2\/media\/8493"}],"wp:attachment":[{"href":"https:\/\/ceak.org.br\/ceak\/wp-json\/wp\/v2\/media?parent=8487"}],"wp:term":[{"taxonomy":"category","embeddable":true,"href":"https:\/\/ceak.org.br\/ceak\/wp-json\/wp\/v2\/categories?post=8487"},{"taxonomy":"post_tag","embeddable":true,"href":"https:\/\/ceak.org.br\/ceak\/wp-json\/wp\/v2\/tags?post=8487"}],"curies":[{"name":"wp","href":"https:\/\/api.w.org\/{rel}","templated":true}]}}