{"id":1047,"date":"2020-11-11T00:09:18","date_gmt":"2020-11-11T03:09:18","guid":{"rendered":"https:\/\/ceak.org.br\/ee\/?p=1047"},"modified":"2020-11-16T13:49:21","modified_gmt":"2020-11-16T16:49:21","slug":"a-importancia-do-trabalho-socioeducativo","status":"publish","type":"post","link":"https:\/\/ceak.org.br\/ee\/a-importancia-do-trabalho-socioeducativo\/","title":{"rendered":"A import\u00e2ncia do trabalho socioeducativo"},"content":{"rendered":"<p>A equipe do Centro de Conviv\u00eancia Inclusivo e Intergeracional \u2013 CCII Educand\u00e1rio Eur\u00edpedes, desde o in\u00edcio da pandemia do COVID-19, tem buscado estrat\u00e9gias para garantir o fortalecimento de v\u00ednculos e a prote\u00e7\u00e3o aos usu\u00e1rios na perspectiva da prote\u00e7\u00e3o social b\u00e1sica.<\/p>\n<p>Mesmo com os desafios da pandemia, como o distanciamento social, n\u00e3o interrompemos o contato com os usu\u00e1rios e suas fam\u00edlias. O uso das tecnologias foi fundamental para continuarmos o trabalho, mantendo o v\u00ednculo e acolhendo os usu\u00e1rios. Ampliamos o contato telef\u00f4nico e por <em>WhatsApp<\/em>, criamos o Bate Papo CCII de forma virtual, realizamos atendimentos individuais e familiares tamb\u00e9m de forma virtual e garantimos o atendimento presencial com os crit\u00e9rios de prote\u00e7\u00e3o.<\/p>\n<p>Todos os procedimentos adotados foram apresentados a <em>Secretaria de Assist\u00eancia Social, Pessoa com Defici\u00eancia e Direitos Humanos, <\/em>da Prefeitura Municipal de Campinas, conforme readequa\u00e7\u00e3o do Plano de Trabalho frente altera\u00e7\u00f5es das Estrat\u00e9gias Metodol\u00f3gicas de acordo com as medidas de preven\u00e7\u00e3o, controle e conten\u00e7\u00e3o de riscos de cont\u00e1gio pelo Coronav\u00edrus \u2013 COVID 19.<\/p>\n<p>No in\u00edcio da pandemia focamos na garantia do espa\u00e7o de escuta, orienta\u00e7\u00e3o e apoio na quest\u00e3o alimentar. Fortalecemos a rede de apoio as fam\u00edlias e consolidamos as a\u00e7\u00f5es de trabalho junto aos usu\u00e1rios.<\/p>\n<p>No m\u00eas de Outubro, ap\u00f3s a readequa\u00e7\u00e3o do Plano de Trabalho, realizamos uma nova a\u00e7\u00e3o. A distribui\u00e7\u00e3o do KIT Pedag\u00f3gico aos usu\u00e1rios. O objetivo da disponibiliza\u00e7\u00e3o do material pedag\u00f3gico foi para incentivar os usu\u00e1rios na participa\u00e7\u00e3o das atividades virtuais, bem como, continuar a trabalhar com suas habilidades desenvolvidas nas oficinas socioeducativas. A possibilidade do uso dos materiais em suas casas, com toda a prote\u00e7\u00e3o devida, cria novas oportunidades para os usu\u00e1rios continuarem sua participa\u00e7\u00e3o nas atividades virtuais.<\/p>\n<p>Em conjunto com a entrega do KIT Pedag\u00f3gico realizamos tamb\u00e9m a entrega da Cesta B\u00e1sica doada pela Empresa Europharma Laborat\u00f3rios SA. Essa parceria foi fundamental para contribuir na doa\u00e7\u00e3o de alimentos aos usu\u00e1rios e fam\u00edlias em situa\u00e7\u00e3o de vulnerabilidade e risco social, intensificadas pela pandemia.<\/p>\n<p>S\u00e3o estrat\u00e9gias e a\u00e7\u00f5es como essas que garantem a continuidade dos servi\u00e7os prestados pelo CCII Educand\u00e1rio Eur\u00edpedes. Agradecemos em nome da equipe, todas as parcerias, visto que eles possibilitam os retornos abaixo!<\/p>\n<p><em>\u201cGostaria de agradecer os materiais, minha filha amou tudo e agradecer tbm as cestas, pois com elas conseguimos ajudar duas fam\u00edlias que estavam precisando, que Deus aben\u00e7oe imensamente o trabalho de todos voc\u00eas!!\u201d \u2013\u00a0<\/em><em>Sonia Cristina Domingues, m\u00e3e da adolescente Brenda Domingues da Cunha que participa das atividades do CCII Educand\u00e1rio Eur\u00edpedes.<\/em><em>\u00a0<\/em><\/p>\n<p><em>\u00a0<\/em><em>\u201cQuero muito agradecer a todos pelas cestas. Foi de uma ajuda e tanto nesse momento. Que Deus aben\u00e7oe a todos vcs\u201d \u2013 Elaine Aparecida Macedo, m\u00e3e da adolescente Laura Macedo Gon\u00e7alves que participa das atividades do CCII Educand\u00e1rio Eur\u00edpedes.<\/em><\/p>\n\n\t\t<style type=\"text\/css\">\n\t\t\t#gallery-1 {\n\t\t\t\tmargin: auto;\n\t\t\t}\n\t\t\t#gallery-1 .gallery-item {\n\t\t\t\tfloat: left;\n\t\t\t\tmargin-top: 10px;\n\t\t\t\ttext-align: center;\n\t\t\t\twidth: 33%;\n\t\t\t}\n\t\t\t#gallery-1 img {\n\t\t\t\tborder: 2px solid #cfcfcf;\n\t\t\t}\n\t\t\t#gallery-1 .gallery-caption {\n\t\t\t\tmargin-left: 0;\n\t\t\t}\n\t\t\t\/* see gallery_shortcode() in wp-includes\/media.php *\/\n\t\t<\/style>\n\t\t<div id='gallery-1' class='gallery galleryid-1047 gallery-columns-3 gallery-size-thumbnail'><dl class='gallery-item'>\n\t\t\t<dt class='gallery-icon landscape'>\n\t\t\t\t<a href='https:\/\/ceak.org.br\/ee\/a-importancia-do-trabalho-socioeducativo\/20201109-blog-5\/#main'><img width=\"340\" height=\"340\" src=\"https:\/\/ceak.org.br\/ee\/wp-content\/uploads\/2020\/11\/20201109-BLOG-5-340x340.jpeg\" class=\"attachment-thumbnail size-thumbnail\" alt=\"\" loading=\"lazy\" srcset=\"https:\/\/ceak.org.br\/ee\/wp-content\/uploads\/2020\/11\/20201109-BLOG-5-340x340.jpeg 340w, https:\/\/ceak.org.br\/ee\/wp-content\/uploads\/2020\/11\/20201109-BLOG-5-180x180.jpeg 180w, https:\/\/ceak.org.br\/ee\/wp-content\/uploads\/2020\/11\/20201109-BLOG-5-300x300.jpeg 300w, https:\/\/ceak.org.br\/ee\/wp-content\/uploads\/2020\/11\/20201109-BLOG-5-600x600.jpeg 600w\" sizes=\"(max-width: 340px) 100vw, 340px\" \/><\/a>\n\t\t\t<\/dt><\/dl><dl class='gallery-item'>\n\t\t\t<dt class='gallery-icon landscape'>\n\t\t\t\t<a href='https:\/\/ceak.org.br\/ee\/a-importancia-do-trabalho-socioeducativo\/20201109-blog-6\/#main'><img width=\"340\" height=\"340\" src=\"https:\/\/ceak.org.br\/ee\/wp-content\/uploads\/2020\/11\/20201109-BLOG-6-340x340.jpeg\" class=\"attachment-thumbnail size-thumbnail\" alt=\"\" loading=\"lazy\" srcset=\"https:\/\/ceak.org.br\/ee\/wp-content\/uploads\/2020\/11\/20201109-BLOG-6-340x340.jpeg 340w, https:\/\/ceak.org.br\/ee\/wp-content\/uploads\/2020\/11\/20201109-BLOG-6-180x180.jpeg 180w, https:\/\/ceak.org.br\/ee\/wp-content\/uploads\/2020\/11\/20201109-BLOG-6-300x300.jpeg 300w, https:\/\/ceak.org.br\/ee\/wp-content\/uploads\/2020\/11\/20201109-BLOG-6-600x600.jpeg 600w\" sizes=\"(max-width: 340px) 100vw, 340px\" \/><\/a>\n\t\t\t<\/dt><\/dl><dl class='gallery-item'>\n\t\t\t<dt class='gallery-icon landscape'>\n\t\t\t\t<a href='https:\/\/ceak.org.br\/ee\/a-importancia-do-trabalho-socioeducativo\/20201109-blog-8\/#main'><img width=\"340\" height=\"340\" src=\"https:\/\/ceak.org.br\/ee\/wp-content\/uploads\/2020\/11\/20201109-BLOG-8-340x340.jpeg\" class=\"attachment-thumbnail size-thumbnail\" alt=\"\" loading=\"lazy\" srcset=\"https:\/\/ceak.org.br\/ee\/wp-content\/uploads\/2020\/11\/20201109-BLOG-8-340x340.jpeg 340w, https:\/\/ceak.org.br\/ee\/wp-content\/uploads\/2020\/11\/20201109-BLOG-8-180x180.jpeg 180w, https:\/\/ceak.org.br\/ee\/wp-content\/uploads\/2020\/11\/20201109-BLOG-8-300x300.jpeg 300w, https:\/\/ceak.org.br\/ee\/wp-content\/uploads\/2020\/11\/20201109-BLOG-8-600x600.jpeg 600w\" sizes=\"(max-width: 340px) 100vw, 340px\" \/><\/a>\n\t\t\t<\/dt><\/dl><br style=\"clear: both\" \/><dl class='gallery-item'>\n\t\t\t<dt class='gallery-icon landscape'>\n\t\t\t\t<a href='https:\/\/ceak.org.br\/ee\/a-importancia-do-trabalho-socioeducativo\/20201109-blog-14\/#main'><img width=\"340\" height=\"340\" src=\"https:\/\/ceak.org.br\/ee\/wp-content\/uploads\/2020\/11\/20201109-BLOG-14-340x340.jpeg\" class=\"attachment-thumbnail size-thumbnail\" alt=\"\" loading=\"lazy\" srcset=\"https:\/\/ceak.org.br\/ee\/wp-content\/uploads\/2020\/11\/20201109-BLOG-14-340x340.jpeg 340w, https:\/\/ceak.org.br\/ee\/wp-content\/uploads\/2020\/11\/20201109-BLOG-14-180x180.jpeg 180w, https:\/\/ceak.org.br\/ee\/wp-content\/uploads\/2020\/11\/20201109-BLOG-14-300x300.jpeg 300w, https:\/\/ceak.org.br\/ee\/wp-content\/uploads\/2020\/11\/20201109-BLOG-14-600x600.jpeg 600w\" sizes=\"(max-width: 340px) 100vw, 340px\" \/><\/a>\n\t\t\t<\/dt><\/dl><dl class='gallery-item'>\n\t\t\t<dt class='gallery-icon portrait'>\n\t\t\t\t<a href='https:\/\/ceak.org.br\/ee\/a-importancia-do-trabalho-socioeducativo\/20201109-blog-15\/#main'><img width=\"340\" height=\"340\" src=\"https:\/\/ceak.org.br\/ee\/wp-content\/uploads\/2020\/11\/20201109-BLOG-15-340x340.jpeg\" class=\"attachment-thumbnail size-thumbnail\" alt=\"\" loading=\"lazy\" srcset=\"https:\/\/ceak.org.br\/ee\/wp-content\/uploads\/2020\/11\/20201109-BLOG-15-340x340.jpeg 340w, https:\/\/ceak.org.br\/ee\/wp-content\/uploads\/2020\/11\/20201109-BLOG-15-180x180.jpeg 180w, https:\/\/ceak.org.br\/ee\/wp-content\/uploads\/2020\/11\/20201109-BLOG-15-300x300.jpeg 300w, https:\/\/ceak.org.br\/ee\/wp-content\/uploads\/2020\/11\/20201109-BLOG-15-600x600.jpeg 600w\" sizes=\"(max-width: 340px) 100vw, 340px\" \/><\/a>\n\t\t\t<\/dt><\/dl><dl class='gallery-item'>\n\t\t\t<dt class='gallery-icon landscape'>\n\t\t\t\t<a href='https:\/\/ceak.org.br\/ee\/a-importancia-do-trabalho-socioeducativo\/20201109-blog-20\/#main'><img width=\"340\" height=\"340\" src=\"https:\/\/ceak.org.br\/ee\/wp-content\/uploads\/2020\/11\/20201109-BLOG-20-340x340.jpeg\" class=\"attachment-thumbnail size-thumbnail\" alt=\"\" loading=\"lazy\" srcset=\"https:\/\/ceak.org.br\/ee\/wp-content\/uploads\/2020\/11\/20201109-BLOG-20-340x340.jpeg 340w, https:\/\/ceak.org.br\/ee\/wp-content\/uploads\/2020\/11\/20201109-BLOG-20-180x180.jpeg 180w, https:\/\/ceak.org.br\/ee\/wp-content\/uploads\/2020\/11\/20201109-BLOG-20-300x300.jpeg 300w, https:\/\/ceak.org.br\/ee\/wp-content\/uploads\/2020\/11\/20201109-BLOG-20-600x600.jpeg 600w\" sizes=\"(max-width: 340px) 100vw, 340px\" \/><\/a>\n\t\t\t<\/dt><\/dl><br style=\"clear: both\" \/>\n\t\t<\/div>\n\n<p><em>\u00a0<\/em>Neste contexto, <strong>o CCII Educand\u00e1rio Eur\u00edpedes<\/strong> continua o atendimento aos usu\u00e1rios pelos canais de comunica\u00e7\u00e3o a seguir. N\u00e3o deixem de acompanhar nossas postagens nas Redes Sociais!<\/p>\n<p><em>\u00a0<\/em><em>Telefone: (19) 99433-3657 (Liga\u00e7\u00e3o Externa e WhatsApp)<\/em><\/p>\n<p><em>\u00a0<\/em><em>E-mails:\u00a0\u00a0 <a href=\"c.tecnica.ee@ceak.org.br\" target=\"_blank\">Coordena\u00e7\u00e3o T\u00e9cnica \u2013 c.tecnica.ee@ceak.org.br<\/a><\/em><\/p>\n<p><em>\u00a0<\/em><a href=\"ccii.ssocial.ee@ceak.org.br\" target=\"_blank\"><em>Servi\u00e7o Social \u2013 ccii.ssocial.ee@ceak.org.br<\/em><\/a><\/p>\n<p><em>\u00a0<\/em><a href=\"ccii.pedagogia.ee@ceak.org.br\" target=\"_blank\"><em>Pedagogia \u2013 ccii.pedagogia.ee@ceak.org.br<\/em><\/a><\/p>\n<p><em>\u00a0<\/em><a href=\"https:\/\/www.facebook.com\/educandarioeuripedes\/\" target=\"_blank\"><em>Facebook: https:\/\/www.facebook.com\/educandarioeuripedes\/<\/em><\/a><\/p>\n<p><em>\u00a0<\/em><a href=\"https:\/\/ceak.org.br\/ee\/blog\" target=\"_blank\"><em>Blog: https:\/\/ceak.org.br\/ee\/blog<\/em><\/a><\/p>\n","protected":false},"excerpt":{"rendered":"<p>A equipe do Centro de Conviv\u00eancia Inclusivo e Intergeracional \u2013 CCII Educand\u00e1rio Eur\u00edpedes, desde o in\u00edcio da pandemia do COVID-19, tem buscado estrat\u00e9gias para garantir o fortalecimento de v\u00ednculos e a prote\u00e7\u00e3o aos usu\u00e1rios na perspectiva da prote\u00e7\u00e3o social b\u00e1sica. Mesmo com os desafios da pandemia, como o distanciamento social, n\u00e3o interrompemos o contato com [&hellip;]\n","protected":false},"author":3,"featured_media":1048,"comment_status":"open","ping_status":"open","sticky":false,"template":"","format":"standard","meta":[],"categories":[22,36],"tags":[24,12,17,9],"_links":{"self":[{"href":"https:\/\/ceak.org.br\/ee\/wp-json\/wp\/v2\/posts\/1047"}],"collection":[{"href":"https:\/\/ceak.org.br\/ee\/wp-json\/wp\/v2\/posts"}],"about":[{"href":"https:\/\/ceak.org.br\/ee\/wp-json\/wp\/v2\/types\/post"}],"author":[{"embeddable":true,"href":"https:\/\/ceak.org.br\/ee\/wp-json\/wp\/v2\/users\/3"}],"replies":[{"embeddable":true,"href":"https:\/\/ceak.org.br\/ee\/wp-json\/wp\/v2\/comments?post=1047"}],"version-history":[{"count":3,"href":"https:\/\/ceak.org.br\/ee\/wp-json\/wp\/v2\/posts\/1047\/revisions"}],"predecessor-version":[{"id":1058,"href":"https:\/\/ceak.org.br\/ee\/wp-json\/wp\/v2\/posts\/1047\/revisions\/1058"}],"wp:featuredmedia":[{"embeddable":true,"href":"https:\/\/ceak.org.br\/ee\/wp-json\/wp\/v2\/media\/1048"}],"wp:attachment":[{"href":"https:\/\/ceak.org.br\/ee\/wp-json\/wp\/v2\/media?parent=1047"}],"wp:term":[{"taxonomy":"category","embeddable":true,"href":"https:\/\/ceak.org.br\/ee\/wp-json\/wp\/v2\/categories?post=1047"},{"taxonomy":"post_tag","embeddable":true,"href":"https:\/\/ceak.org.br\/ee\/wp-json\/wp\/v2\/tags?post=1047"}],"curies":[{"name":"wp","href":"https:\/\/api.w.org\/{rel}","templated":true}]}}