{"id":1211,"date":"2021-02-22T10:00:37","date_gmt":"2021-02-22T13:00:37","guid":{"rendered":"https:\/\/ceak.org.br\/ee\/?p=1211"},"modified":"2021-02-22T10:07:33","modified_gmt":"2021-02-22T13:07:33","slug":"atividade-virtual-3-despertando-nosso-corpo","status":"publish","type":"post","link":"https:\/\/ceak.org.br\/ee\/atividade-virtual-3-despertando-nosso-corpo\/","title":{"rendered":"Atividade Virtual 3 \u2013 Despertando nosso corpo"},"content":{"rendered":"<p>Ol\u00e1, pessoal, esperamos que todos estejam bem!<\/p>\n<p>Na atividade desta semana iremos despertar nosso rosto para trabalhar nossas express\u00f5es, nossas percep\u00e7\u00f5es sobre ele e observar a import\u00e2ncia de que esteja aberto para nossas pr\u00f3ximas atividades.<\/p>\n<p>V\u00e1 para um espa\u00e7o confort\u00e1vel, se poss\u00edvel em sil\u00eancio, e comece percebendo cada movimento que fazemos.<\/p>\n<p><img loading=\"lazy\" class=\" wp-image-1214 alignleft\" src=\"https:\/\/ceak.org.br\/ee\/wp-content\/uploads\/2021\/02\/Imagem-video-_-careta-340x340.png\" alt=\"Imagem video _ careta\" width=\"163\" height=\"163\" srcset=\"https:\/\/ceak.org.br\/ee\/wp-content\/uploads\/2021\/02\/Imagem-video-_-careta-340x340.png 340w, https:\/\/ceak.org.br\/ee\/wp-content\/uploads\/2021\/02\/Imagem-video-_-careta-180x180.png 180w, https:\/\/ceak.org.br\/ee\/wp-content\/uploads\/2021\/02\/Imagem-video-_-careta-300x300.png 300w\" sizes=\"(max-width: 163px) 100vw, 163px\" \/><\/p>\n<p>Caso se sinta confort\u00e1vel, brinque um pouco com as caretas.<\/p>\n<p><a href=\"https:\/\/drive.google.com\/file\/d\/1STWHTLd5xEgHKJpIsiIQG0g2nhXz_Z2O\/view?usp=sharing\" target=\"_blank\">CLIQUE AQUI e acessa nossa atividade! Contamos com sua participa\u00e7\u00e3o!<\/a><\/p>\n<p>Equipe CCII Educand\u00e1rio Eur\u00edpedes &#8211;<em>\u00a0Atividade Virtual 3\/2021 CCII \u2013 Despertando nosso corpo<\/em><\/p>\n<p>&nbsp;<\/p>\n<p><img loading=\"lazy\" class=\"size-full wp-image-26 alignleft\" src=\"https:\/\/ceak.org.br\/ee\/wp-content\/uploads\/2016\/11\/logo-EE.png\" alt=\"logo-ee\" width=\"269\" height=\"100\" \/><\/p>\n","protected":false},"excerpt":{"rendered":"<p>Ol\u00e1, pessoal, esperamos que todos estejam bem! Na atividade desta semana iremos despertar nosso rosto para trabalhar nossas express\u00f5es, nossas percep\u00e7\u00f5es sobre ele e observar a import\u00e2ncia de que esteja aberto para nossas pr\u00f3ximas atividades. V\u00e1 para um espa\u00e7o confort\u00e1vel, se poss\u00edvel em sil\u00eancio, e comece percebendo cada movimento que fazemos. Caso se sinta confort\u00e1vel, [&hellip;]\n","protected":false},"author":3,"featured_media":1212,"comment_status":"open","ping_status":"open","sticky":false,"template":"","format":"standard","meta":[],"categories":[22,36,20],"tags":[],"_links":{"self":[{"href":"https:\/\/ceak.org.br\/ee\/wp-json\/wp\/v2\/posts\/1211"}],"collection":[{"href":"https:\/\/ceak.org.br\/ee\/wp-json\/wp\/v2\/posts"}],"about":[{"href":"https:\/\/ceak.org.br\/ee\/wp-json\/wp\/v2\/types\/post"}],"author":[{"embeddable":true,"href":"https:\/\/ceak.org.br\/ee\/wp-json\/wp\/v2\/users\/3"}],"replies":[{"embeddable":true,"href":"https:\/\/ceak.org.br\/ee\/wp-json\/wp\/v2\/comments?post=1211"}],"version-history":[{"count":5,"href":"https:\/\/ceak.org.br\/ee\/wp-json\/wp\/v2\/posts\/1211\/revisions"}],"predecessor-version":[{"id":1218,"href":"https:\/\/ceak.org.br\/ee\/wp-json\/wp\/v2\/posts\/1211\/revisions\/1218"}],"wp:featuredmedia":[{"embeddable":true,"href":"https:\/\/ceak.org.br\/ee\/wp-json\/wp\/v2\/media\/1212"}],"wp:attachment":[{"href":"https:\/\/ceak.org.br\/ee\/wp-json\/wp\/v2\/media?parent=1211"}],"wp:term":[{"taxonomy":"category","embeddable":true,"href":"https:\/\/ceak.org.br\/ee\/wp-json\/wp\/v2\/categories?post=1211"},{"taxonomy":"post_tag","embeddable":true,"href":"https:\/\/ceak.org.br\/ee\/wp-json\/wp\/v2\/tags?post=1211"}],"curies":[{"name":"wp","href":"https:\/\/api.w.org\/{rel}","templated":true}]}}