{"id":1229,"date":"2021-03-04T09:24:30","date_gmt":"2021-03-04T12:24:30","guid":{"rendered":"https:\/\/ceak.org.br\/ee\/?p=1229"},"modified":"2021-03-31T12:46:14","modified_gmt":"2021-03-31T15:46:14","slug":"bazar-educandario-euripedes-fechado","status":"publish","type":"post","link":"https:\/\/ceak.org.br\/ee\/bazar-educandario-euripedes-fechado\/","title":{"rendered":"Bazar Educand\u00e1rio Eur\u00edpedes: fechado!"},"content":{"rendered":"<p>Em decorr\u00eancia ao agravamento da pandemia da COVID-19 em nossa regi\u00e3o, atendimento \u00e0s determina\u00e7\u00f5es governamentais e visando contribuir com a redu\u00e7\u00e3o da circula\u00e7\u00e3o e prote\u00e7\u00e3o de todos, o <strong>BAZAR EDUCAND\u00c1RIO EUR\u00cdPEDES estar\u00e1 com suas atividades presenciais suspensas enquanto perdurar a fase vermelha em nossa cidade<\/strong>.<\/p>\n<p><strong>Neste per\u00edodo<\/strong>, enquanto o Educand\u00e1rio Eur\u00edpedes permanece fechado, <strong>voc\u00ea pode deixar a sua doa\u00e7\u00e3o na portaria da <a href=\"http:\/\/www.bambini.com.br\" target=\"_blank\" rel=\"noopener\">Panificadora Bambini<\/a>, de segunda a s\u00e1bado, das 8h \u00e0s 17h.<\/strong><\/p>\n<p>Pedimos a compreens\u00e3o e paci\u00eancia de todos para que, juntos e unidos, cumprindo todas as normas e seguindo todas as recomenda\u00e7\u00f5es, possamos vencer este grande desafio.<\/p>\n<p>Continue acompanhando as informa\u00e7\u00f5es sobre as retomadas dos trabalhos do <strong>BAZAR<\/strong> pelos nossos canais oficiais de comunica\u00e7\u00e3o aqui na nossa p\u00e1gina e no nosso perfil, no facebook: <a href=\"https:\/\/www.facebook.com\/educandarioeuripedes\">facebook.com\/educandarioeuripedes<\/a><\/p>\n<p><em><strong>Equipe Educand\u00e1rio Eur\u00edpedes<\/strong><\/em><\/p>\n<p><img loading=\"lazy\" class=\"size-full wp-image-28 alignleft\" src=\"https:\/\/ceak.org.br\/ee\/wp-content\/uploads\/2016\/11\/logo-EE-1.png\" alt=\"logo-ee\" width=\"269\" height=\"100\" \/><\/p>\n","protected":false},"excerpt":{"rendered":"<p>Em decorr\u00eancia ao agravamento da pandemia da COVID-19 em nossa regi\u00e3o, atendimento \u00e0s determina\u00e7\u00f5es governamentais e visando contribuir com a redu\u00e7\u00e3o da circula\u00e7\u00e3o e prote\u00e7\u00e3o de todos, o BAZAR EDUCAND\u00c1RIO EUR\u00cdPEDES estar\u00e1 com suas atividades presenciais suspensas enquanto perdurar a fase vermelha em nossa cidade. Neste per\u00edodo, enquanto o Educand\u00e1rio Eur\u00edpedes permanece fechado, voc\u00ea pode [&hellip;]\n","protected":false},"author":3,"featured_media":1183,"comment_status":"open","ping_status":"open","sticky":false,"template":"","format":"standard","meta":[],"categories":[22,36,21,23,38],"tags":[24,12],"_links":{"self":[{"href":"https:\/\/ceak.org.br\/ee\/wp-json\/wp\/v2\/posts\/1229"}],"collection":[{"href":"https:\/\/ceak.org.br\/ee\/wp-json\/wp\/v2\/posts"}],"about":[{"href":"https:\/\/ceak.org.br\/ee\/wp-json\/wp\/v2\/types\/post"}],"author":[{"embeddable":true,"href":"https:\/\/ceak.org.br\/ee\/wp-json\/wp\/v2\/users\/3"}],"replies":[{"embeddable":true,"href":"https:\/\/ceak.org.br\/ee\/wp-json\/wp\/v2\/comments?post=1229"}],"version-history":[{"count":5,"href":"https:\/\/ceak.org.br\/ee\/wp-json\/wp\/v2\/posts\/1229\/revisions"}],"predecessor-version":[{"id":1292,"href":"https:\/\/ceak.org.br\/ee\/wp-json\/wp\/v2\/posts\/1229\/revisions\/1292"}],"wp:featuredmedia":[{"embeddable":true,"href":"https:\/\/ceak.org.br\/ee\/wp-json\/wp\/v2\/media\/1183"}],"wp:attachment":[{"href":"https:\/\/ceak.org.br\/ee\/wp-json\/wp\/v2\/media?parent=1229"}],"wp:term":[{"taxonomy":"category","embeddable":true,"href":"https:\/\/ceak.org.br\/ee\/wp-json\/wp\/v2\/categories?post=1229"},{"taxonomy":"post_tag","embeddable":true,"href":"https:\/\/ceak.org.br\/ee\/wp-json\/wp\/v2\/tags?post=1229"}],"curies":[{"name":"wp","href":"https:\/\/api.w.org\/{rel}","templated":true}]}}