{"id":1360,"date":"2021-05-18T13:30:21","date_gmt":"2021-05-18T16:30:21","guid":{"rendered":"https:\/\/ceak.org.br\/ee\/?p=1360"},"modified":"2021-05-18T13:37:23","modified_gmt":"2021-05-18T16:37:23","slug":"faca-bonito-proteja-nossas-criancas-e-adolescentes","status":"publish","type":"post","link":"https:\/\/ceak.org.br\/ee\/faca-bonito-proteja-nossas-criancas-e-adolescentes\/","title":{"rendered":"FA\u00c7A BONITO! Proteja nossas crian\u00e7as e adolescentes!"},"content":{"rendered":"<p>O 18 de maio foi institu\u00eddo como o <strong>Dia Nacional de Combate ao Abuso e \u00e0 Explora\u00e7\u00e3o Sexual de Crian\u00e7as e Adolescentes. <\/strong>A partir de 2000, a data foi oficializado pela Lei 9.970 em refer\u00eancia a viol\u00eancia sofrida pela menina Araceli Crespo, tendo sido sequestrada, violentada e assassinada em 18 de maio de 1973.<\/p>\n<p>Muito mais do que marcar a viol\u00eancia, continuamos diariamente no combate a todos os tipos de viol\u00eancia.<\/p>\n<p>Nosso manifesto pela garantia dos direitos das crian\u00e7as e adolescentes do nosso Brasil.<\/p>\n<p><a href=\"https:\/\/drive.google.com\/file\/d\/1S6s_w_LZGR0cf6xlhl2ZfmBKZxNytRqZ\/view?usp=sharing\" target=\"_blank\" rel=\"noreferrer noopener\">Assista ao v\u00eddeo que preparamos! CLIQUE AQUI!<\/a><\/p>\n<p>Junte-se a n\u00f3s! \u00c9 hora, \u00e9 momento de se informar!<strong> Seja um agente para vidas transformar!<\/strong><\/p>\n<p><em>CEAK &#8211; Educand\u00e1rio Eur\u00edpedes.<\/em><\/p>\n","protected":false},"excerpt":{"rendered":"<p>O 18 de maio foi institu\u00eddo como o Dia Nacional de Combate ao Abuso e \u00e0 Explora\u00e7\u00e3o Sexual de Crian\u00e7as e Adolescentes. A partir de 2000, a data foi oficializado pela Lei 9.970 em refer\u00eancia a viol\u00eancia sofrida pela menina Araceli Crespo, tendo sido sequestrada, violentada e assassinada em 18 de maio de 1973. Muito [&hellip;]\n","protected":false},"author":3,"featured_media":1361,"comment_status":"open","ping_status":"open","sticky":false,"template":"","format":"standard","meta":[],"categories":[1],"tags":[],"_links":{"self":[{"href":"https:\/\/ceak.org.br\/ee\/wp-json\/wp\/v2\/posts\/1360"}],"collection":[{"href":"https:\/\/ceak.org.br\/ee\/wp-json\/wp\/v2\/posts"}],"about":[{"href":"https:\/\/ceak.org.br\/ee\/wp-json\/wp\/v2\/types\/post"}],"author":[{"embeddable":true,"href":"https:\/\/ceak.org.br\/ee\/wp-json\/wp\/v2\/users\/3"}],"replies":[{"embeddable":true,"href":"https:\/\/ceak.org.br\/ee\/wp-json\/wp\/v2\/comments?post=1360"}],"version-history":[{"count":6,"href":"https:\/\/ceak.org.br\/ee\/wp-json\/wp\/v2\/posts\/1360\/revisions"}],"predecessor-version":[{"id":1369,"href":"https:\/\/ceak.org.br\/ee\/wp-json\/wp\/v2\/posts\/1360\/revisions\/1369"}],"wp:featuredmedia":[{"embeddable":true,"href":"https:\/\/ceak.org.br\/ee\/wp-json\/wp\/v2\/media\/1361"}],"wp:attachment":[{"href":"https:\/\/ceak.org.br\/ee\/wp-json\/wp\/v2\/media?parent=1360"}],"wp:term":[{"taxonomy":"category","embeddable":true,"href":"https:\/\/ceak.org.br\/ee\/wp-json\/wp\/v2\/categories?post=1360"},{"taxonomy":"post_tag","embeddable":true,"href":"https:\/\/ceak.org.br\/ee\/wp-json\/wp\/v2\/tags?post=1360"}],"curies":[{"name":"wp","href":"https:\/\/api.w.org\/{rel}","templated":true}]}}