{"id":1667,"date":"2021-12-31T14:03:11","date_gmt":"2021-12-31T17:03:11","guid":{"rendered":"https:\/\/ceak.org.br\/ee\/?p=1667"},"modified":"2021-12-31T14:03:12","modified_gmt":"2021-12-31T17:03:12","slug":"uma-nova-pagina","status":"publish","type":"post","link":"https:\/\/ceak.org.br\/ee\/uma-nova-pagina\/","title":{"rendered":"Uma nova p\u00e1gina&#8230;"},"content":{"rendered":"<p>Sempre que nos aproximamos de uma nova etapa \u00e9 muito comum repensarmos sobre tudo que nos levou at\u00e9 este ponto. Lembrar um pouco do que j\u00e1 passamos pode nos ajudar a direcionar nossas perspectivas com rela\u00e7\u00e3o \u00e0 nova fase que est\u00e1 come\u00e7ando.<\/p>\n<p>Passar por um ano dif\u00edcil n\u00e3o \u00e9 exclusividade de poucas fam\u00edlias. Seja qual for o motivo, as adversidades acompanham a vida de muita gente, e n\u00e3o \u00e9 uma tarefa muito f\u00e1cil abra\u00e7ar a positividade quando estamos passando por tantas adversidades.<\/p>\n<p>Com bastante suor conseguimos chegar at\u00e9 aqui. Nossas lutas nos tornam humanos mais fortes, e cultivar a gratid\u00e3o por todas as situa\u00e7\u00f5es que nos proporcionam isso \u00e9 um dos maiores desafios que podemos enfrentar.<\/p>\n<p>Por isso, o fim do ano \u00e9 sempre um bom momento para pensarmos um pouco sobre a vida, lembrar das maravilhas que temos a agradecer e tamb\u00e9m de tudo aquilo que nunca mais voltaremos a fazer.<\/p>\n<p>\u00c9 hora de repensar as nossas atitudes, o modo como vivemos e mudar aquilo que precisa ser mudado. O tempo \u00e9 o que de mais valioso temos, e \u00e9 preciso aproveit\u00e1-lo. O tempo \u00e9 a nossa vida.<\/p>\n<p>A vida \u00e9 bela e mesmo com contratempos sempre ser\u00e1, porque o simples fato de estarmos vivos nos d\u00e1 oportunidade de mudarmos tudo aquilo que n\u00e3o gostamos.<\/p>\n<p>Aproveite cada momento para fazer aquilo que acredita e aquilo que te move em dire\u00e7\u00e3o ao seu melhoramento, para si mesmo e para aqueles a seu redor.<\/p>\n<p><em>N\u00f3s, Equipe do Centro de Conviv\u00eancia, agradecemos a confian\u00e7a depositada no nosso trabalho e todos os ensinamentos e aprendizados proporcionados!<\/em><\/p>\n<p><em>Que o ano de 2022 seja pr\u00f3spero, repleto de oportunidades e realiza\u00e7\u00f5es a todos voc\u00eas!<\/em><\/p>\n<p><em>Vitor Ferreira &#8211; Psic\u00f3logo &#8211; Educand\u00e1rio Eur\u00edpedes<\/em><\/p>\n<figure class=\"wp-block-image size-large\"><img loading=\"lazy\" width=\"269\" height=\"100\" src=\"https:\/\/ceak.org.br\/ee\/wp-content\/uploads\/2016\/11\/logo-EE.png\" alt=\"\" class=\"wp-image-26\"\/><\/figure>\n","protected":false},"excerpt":{"rendered":"<p>Sempre que nos aproximamos de uma nova etapa \u00e9 muito comum repensarmos sobre tudo que nos levou at\u00e9 este ponto. Lembrar um pouco do que j\u00e1 passamos pode nos ajudar a direcionar nossas perspectivas com rela\u00e7\u00e3o \u00e0 nova fase que est\u00e1 come\u00e7ando. Passar por um ano dif\u00edcil n\u00e3o \u00e9 exclusividade de poucas fam\u00edlias. Seja qual [&hellip;]\n","protected":false},"author":3,"featured_media":1668,"comment_status":"open","ping_status":"open","sticky":false,"template":"","format":"standard","meta":[],"categories":[22,36,20],"tags":[],"_links":{"self":[{"href":"https:\/\/ceak.org.br\/ee\/wp-json\/wp\/v2\/posts\/1667"}],"collection":[{"href":"https:\/\/ceak.org.br\/ee\/wp-json\/wp\/v2\/posts"}],"about":[{"href":"https:\/\/ceak.org.br\/ee\/wp-json\/wp\/v2\/types\/post"}],"author":[{"embeddable":true,"href":"https:\/\/ceak.org.br\/ee\/wp-json\/wp\/v2\/users\/3"}],"replies":[{"embeddable":true,"href":"https:\/\/ceak.org.br\/ee\/wp-json\/wp\/v2\/comments?post=1667"}],"version-history":[{"count":1,"href":"https:\/\/ceak.org.br\/ee\/wp-json\/wp\/v2\/posts\/1667\/revisions"}],"predecessor-version":[{"id":1669,"href":"https:\/\/ceak.org.br\/ee\/wp-json\/wp\/v2\/posts\/1667\/revisions\/1669"}],"wp:featuredmedia":[{"embeddable":true,"href":"https:\/\/ceak.org.br\/ee\/wp-json\/wp\/v2\/media\/1668"}],"wp:attachment":[{"href":"https:\/\/ceak.org.br\/ee\/wp-json\/wp\/v2\/media?parent=1667"}],"wp:term":[{"taxonomy":"category","embeddable":true,"href":"https:\/\/ceak.org.br\/ee\/wp-json\/wp\/v2\/categories?post=1667"},{"taxonomy":"post_tag","embeddable":true,"href":"https:\/\/ceak.org.br\/ee\/wp-json\/wp\/v2\/tags?post=1667"}],"curies":[{"name":"wp","href":"https:\/\/api.w.org\/{rel}","templated":true}]}}