{"id":1705,"date":"2022-01-25T08:50:38","date_gmt":"2022-01-25T11:50:38","guid":{"rendered":"https:\/\/ceak.org.br\/ee\/?p=1705"},"modified":"2022-01-25T08:50:39","modified_gmt":"2022-01-25T11:50:39","slug":"arte-viva","status":"publish","type":"post","link":"https:\/\/ceak.org.br\/ee\/arte-viva\/","title":{"rendered":"Arte Viva"},"content":{"rendered":"<p>Bom dia, boa tarde, boa noite! Espero que todos estejam bem!<\/p>\n<p>Vamos a nossa indica\u00e7\u00e3o do blog?<\/p>\n<p>Hoje, vamos trazer o convite para prestigiar a exposi\u00e7\u00e3o <strong>\u201cArte viva\u201d<\/strong> que est\u00e1 acontecendo no museu do servi\u00e7o de sa\u00fade C<strong>\u00e2ndido Ferreira, do dia 12\/12 at\u00e9 28\/01 das 8h \u00e0s 17h<\/strong>, de segunda a sexta-feira. Basta agendar sua visita pelo e-mail <a href=\"mailto:museu.candido@candido.org.br\">museu.candido@candido.org.br<\/a>.<\/p>\n<p>Um tesouro campineiro que estava sendo guardado foi aberto e compartilhado com a popula\u00e7\u00e3o. O rico acervo que traz \u00e0 tona quase 100 anos de hist\u00f3ria do <strong>Servi\u00e7o de Sa\u00fade Dr. C\u00e2ndido Ferreira<\/strong> e sua relev\u00e2ncia nacional nos campos da psiquiatria e da sa\u00fade mental est\u00e3o presentes na exposi\u00e7\u00e3o<strong> \u201cArte Viva\u201d<\/strong>, que foi aberta ao p\u00fablico no dia 10 de dezembro, no Museu Vivo C\u00e2ndido Ferreira, no Distrito de Sousas, com entrada gratuita.<\/p>\n<p>A exposi\u00e7\u00e3o, com curadoria da artista pl\u00e1stica e performer Cec\u00edlia Stelini, \u00e9 resultado de um minucioso trabalho de estrutura\u00e7\u00e3o do acervo de aproximadamente 22 mil itens museol\u00f3gicos do Museu Vivo, que inclui objetos de artes, objetos de valor hist\u00f3rico e documentos audiovisuais, entre fotografias e v\u00eddeos.<\/p>\n<p><strong>Mais sobre a exposi\u00e7\u00e3o<\/strong><strong><\/strong><\/p>\n<p>A mostra tem quatro salas, sendo que tr\u00eas delas s\u00e3o antigos quartos fortes da \u00e9poca em que a institui\u00e7\u00e3o era denominada como hospital psiqui\u00e1trico. Uma sala foi reservada para o p\u00fablico ter acesso a uma mostra de obras do acervo art\u00edstico com pe\u00e7as e quadros criados por pacientes do Servi\u00e7o de Sa\u00fade Dr. C\u00e2ndido Ferreira. Em outro espa\u00e7o, a reprodu\u00e7\u00e3o do ambiente utilizando objetos hist\u00f3ricos do local e o terceiro quarto traz uma exposi\u00e7\u00e3o audiovisual com fotos art\u00edsticas da institui\u00e7\u00e3o.<\/p>\n<p>No hall de entrada, o espa\u00e7o foi todo envolvido com uma exposi\u00e7\u00e3o coletiva de cartazes lambe-lambe produzidos durante o segundo semestre de 2021 por pessoas da comunidade do Museu Vivo C\u00e2ndido Ferreira, como atendidos, funcion\u00e1rios, volunt\u00e1rios e artistas parceiros com a proposta de trazer a produ\u00e7\u00e3o atual de arte na institui\u00e7\u00e3o.<\/p>\n<p>Do extenso acervo, 500 itens foram selecionados e est\u00e3o dispon\u00edveis em plataforma virtual para o acesso do p\u00fablico em geral por meio do link <a href=\"https:\/\/museuvivo.candido.org.br\/\">museu vivo.c\u00e2ndido.org.br.<\/a><\/p>\n<p>\u201cVale destacar o valor art\u00edstico das obras produzidas por usu\u00e1rios do Servi\u00e7o de Sa\u00fade, que hoje integram o acervo do Museu Vivo. Dezenas de artistas j\u00e1 participaram de exposi\u00e7\u00f5es, sal\u00f5es e concursos de arte fora do contexto terap\u00eautico, tendo recebido pr\u00eamios, al\u00e9m de reconhecimento e visibilidade nacional e internacional. A organiza\u00e7\u00e3o do acervo e sua disponibiliza\u00e7\u00e3o para pesquisas no campo da arte propiciar\u00e1 a amplia\u00e7\u00e3o da circula\u00e7\u00e3o dessas obras, bem como do reconhecimento de seu valor art\u00edstico e de seus autores\u201d, pontua a gestora Gal de Sordi.<\/p>\n<p><strong>Museu Vivo C\u00e2ndido Ferreira<\/strong><strong><\/strong><\/p>\n<p>O Servi\u00e7o de Sa\u00fade Dr. C\u00e2ndido Ferreira \u00e9 uma institui\u00e7\u00e3o filantr\u00f3pica de sa\u00fade mental inaugurada em 1924, no distrito de Sousas, em Campinas. As in\u00fameras atividades no campo da sa\u00fade, da conviv\u00eancia da diversidade humana e da cultura, desenvolvidas como processos terap\u00eauticos e de inclus\u00e3o social, resultaram na produ\u00e7\u00e3o continuada de um variado e rico acervo que est\u00e3o hoje no Museu Vivo C\u00e2ndido Ferreira, que integra a hist\u00f3ria da sa\u00fade mental no pa\u00eds. A sua sede, localizada em \u00e1rea de prote\u00e7\u00e3o ambiental do munic\u00edpio, conta, ainda, com dois edif\u00edcios tombados pelo Conselho de Defesa do Patrim\u00f4nio Cultural de Campinas \u2013 Condepacc.<\/p>\n<p>O acervo congrega artistas perif\u00e9ricos e acad\u00eamicos, da cultura popular e das galerias de arte, passando por movimentos como a arte postal e o grafitti, e manifesta\u00e7\u00f5es como o carnaval e a capoeira. Essa comunidade produtora de uma cultura cr\u00edtica, inclusiva e afetiva, estende-se para al\u00e9m da cidade de Campinas, alcan\u00e7ando la\u00e7os regionais e nacionais.<\/p>\n<h3><strong>Servi\u00e7o:<\/strong><\/h3>\n<p>Exposi\u00e7\u00e3o \u201cArte Viva\u201d \u2013 Museu Vivo C\u00e2ndido Ferreira<\/p>\n<p>Local:&nbsp; Servi\u00e7o de Sa\u00fade Dr. C\u00e2ndido Ferreira. Rua Ant\u00f4nio Prado, 430, distrito de Sousas \u2013 Campinas<\/p>\n<p><strong>Espero que estejam bem!<\/strong><\/p>\n<p><strong>At\u00e9 a pr\u00f3xima!<\/strong><\/p>\n<figure class=\"wp-block-image size-large\"><img loading=\"lazy\" width=\"269\" height=\"100\" src=\"https:\/\/ceak.org.br\/ee\/wp-content\/uploads\/2016\/11\/logo-EE.png\" alt=\"\" class=\"wp-image-26\"\/><\/figure>\n<p><em>Nome do evento: Atividade Virtual 04 CCII &#8211;\u00a0 <strong>Arte viva<\/strong> &#8211; Respons\u00e1veis: Adrielli Melges \/ Equipe CCII &#8211; Educand\u00e1rio Eur\u00edpedes<\/em><\/p>\n","protected":false},"excerpt":{"rendered":"<p>Bom dia, boa tarde, boa noite! Espero que todos estejam bem! Vamos a nossa indica\u00e7\u00e3o do blog? Hoje, vamos trazer o convite para prestigiar a exposi\u00e7\u00e3o \u201cArte viva\u201d que est\u00e1 acontecendo no museu do servi\u00e7o de sa\u00fade C\u00e2ndido Ferreira, do dia 12\/12 at\u00e9 28\/01 das 8h \u00e0s 17h, de segunda a sexta-feira. Basta agendar sua [&hellip;]\n","protected":false},"author":3,"featured_media":1706,"comment_status":"open","ping_status":"open","sticky":false,"template":"","format":"standard","meta":[],"categories":[22,36,15],"tags":[],"_links":{"self":[{"href":"https:\/\/ceak.org.br\/ee\/wp-json\/wp\/v2\/posts\/1705"}],"collection":[{"href":"https:\/\/ceak.org.br\/ee\/wp-json\/wp\/v2\/posts"}],"about":[{"href":"https:\/\/ceak.org.br\/ee\/wp-json\/wp\/v2\/types\/post"}],"author":[{"embeddable":true,"href":"https:\/\/ceak.org.br\/ee\/wp-json\/wp\/v2\/users\/3"}],"replies":[{"embeddable":true,"href":"https:\/\/ceak.org.br\/ee\/wp-json\/wp\/v2\/comments?post=1705"}],"version-history":[{"count":2,"href":"https:\/\/ceak.org.br\/ee\/wp-json\/wp\/v2\/posts\/1705\/revisions"}],"predecessor-version":[{"id":1708,"href":"https:\/\/ceak.org.br\/ee\/wp-json\/wp\/v2\/posts\/1705\/revisions\/1708"}],"wp:featuredmedia":[{"embeddable":true,"href":"https:\/\/ceak.org.br\/ee\/wp-json\/wp\/v2\/media\/1706"}],"wp:attachment":[{"href":"https:\/\/ceak.org.br\/ee\/wp-json\/wp\/v2\/media?parent=1705"}],"wp:term":[{"taxonomy":"category","embeddable":true,"href":"https:\/\/ceak.org.br\/ee\/wp-json\/wp\/v2\/categories?post=1705"},{"taxonomy":"post_tag","embeddable":true,"href":"https:\/\/ceak.org.br\/ee\/wp-json\/wp\/v2\/tags?post=1705"}],"curies":[{"name":"wp","href":"https:\/\/api.w.org\/{rel}","templated":true}]}}