{"id":1910,"date":"2022-09-19T22:34:17","date_gmt":"2022-09-20T01:34:17","guid":{"rendered":"https:\/\/ceak.org.br\/ee\/?p=1910"},"modified":"2022-09-19T22:36:09","modified_gmt":"2022-09-20T01:36:09","slug":"setembro-amarelo","status":"publish","type":"post","link":"https:\/\/ceak.org.br\/ee\/setembro-amarelo\/","title":{"rendered":"Setembro Amarelo"},"content":{"rendered":"<p>Campanha de conscientiza\u00e7\u00e3o Preven\u00e7\u00e3o ao suic\u00eddio \u2013 Sua vida importa!<\/p>\n<p>Criada em 2015, dia 10 de setembro pelo CVV (centro de valoriza\u00e7\u00e3o da vida) \u00e9 o Dia Mundial de Preven\u00e7\u00e3o ao Suic\u00eddio e, o m\u00eas foi escolhido para representar a causa, incentivando a discuss\u00e3o e a divulga\u00e7\u00e3o dos sintomas e medidas preventivas. O Amarelo simboliza a luz do sol.<\/p>\n<p>Precisamos falar sobre a tem\u00e1tica incessantemente, n\u00e3o s\u00f3 no m\u00eas da campanha, o suic\u00eddio ainda \u00e9 a segunda principal causa de morte entre as pessoas com idade entre 15 e 29 anos, segundo a OMS.<\/p>\n<p>No Brasil 32 pessoas cometem suic\u00eddio por dia, 1 suic\u00eddio a 40 minutos e, \u201cde acordo com a OMS, 90% dos suic\u00eddios podem ser prevenidos\u201d. \u00c9 importante identificar os sinais e n\u00e3o tratar as lamenta\u00e7\u00f5es da pessoa como \u201cdrama\u201d ou \u201cexageros\u201d.<\/p>\n<p>A Pandemia teve um impacto negativo sobre a sa\u00fade mental da popula\u00e7\u00e3o, O isolamento, a solid\u00e3o e as perdas foram itens agravantes. O estresse eleva a nossa press\u00e3o arterial, dificulta as fun\u00e7\u00f5es mentais causando altera\u00e7\u00f5es imunol\u00f3gicas. Ocasionando dist\u00farbios de humor, ansiedade, ang\u00fastia.<\/p>\n<p>Segundo a OMS (Organiza\u00e7\u00e3o mundial da sa\u00fade), 90% dos suic\u00eddios est\u00e3o associados a dist\u00farbios mentais. A depress\u00e3o ainda \u00e9 a 1\u00b0 causa de suic\u00eddio em todo o mundo. Precisamos estar atentos aos sinais de alerta, segundo ABEPS (associa\u00e7\u00e3o Brasileira de estudos e preven\u00e7\u00e3o do suic\u00eddio), as tr\u00eas principais causas de suic\u00eddio s\u00e3o: Desespero, desamparo e desesperan\u00e7a.<\/p>\n<p>\u00c9 importante identificar os sinais e n\u00e3o tratar as lamenta\u00e7\u00f5es da pessoa como \u201cdrama\u201d ou \u201cexageros\u201d. O contato inicial \u00e9 muito importante, mas deve ser feito de forma adequada, entre as principais a\u00e7\u00f5es podemos destacar:<\/p>\n<ul>\n<li>Falar de forma carinhosa e sem julgamentos, ouvir com aten\u00e7\u00e3o e se mostrar interessado com a conversa;<\/li>\n<li>Falar sobre o assunto, sem medos e tabus;<\/li>\n<li>Ter empatia, paci\u00eancia e demonstrar preocupa\u00e7\u00e3o, cuidado e afeto;<\/li>\n<li>Conversar com amigos e familiares da pessoa e se manter ao lado dela para ajuda e apoio;<\/li>\n<li>Procurar entender os sentimentos da pessoa sem diminuir a import\u00e2ncia deles;<\/li>\n<li>N\u00e3o esperar a pessoa dizer que quer se matar para buscar ajuda. \u00c9 preciso estar atento aos sinais de alerta e levar a situa\u00e7\u00e3o a s\u00e9rio;<\/li>\n<li>Ligando para o Centro de Valoriza\u00e7\u00e3o da Vida (CVV) por meio do n\u00famero 188;<\/li>\n<li>Ir atr\u00e1s das unidades e profissionais da sa\u00fade;<\/li>\n<\/ul>\n<p>N\u00e3o ignore um pedido de ajuda. Fique atento aos sinais. Todas as vidas importam<\/p>\n<p>Nos dias 13 e 14 de setembro foi oportunizado para os adolescentes do CCII uma atividade de conscientiza\u00e7\u00e3o sobre a tem\u00e1tica do setembro amarelo. O objetivo foi fazer uma reflex\u00e3o sobre os dados atuais do suic\u00eddio, elencando sobre o aumento das doen\u00e7as emocionais e dos transtornos mentais decorrente da pandemia. Foi apresentado o CVV centro de valoriza\u00e7\u00e3o da vida, e os meios de comunica\u00e7\u00e3o, as formas de pedir ajuda e principalmente a participa\u00e7\u00e3o de todos enquanto multiplicadores das informa\u00e7\u00f5es que receberam. A atividade tamb\u00e9m proporcionou um momento de intera\u00e7\u00e3o entre os adolescentes, onde em grupos constru\u00edram frases de sinais de alerta e de motivos para viver.<\/p>\n<figure class=\"wp-block-gallery columns-3 is-cropped\">\n<ul class=\"blocks-gallery-grid\">\n<li class=\"blocks-gallery-item\">\n<figure><img loading=\"lazy\" width=\"1600\" height=\"1200\" src=\"https:\/\/ceak.org.br\/ee\/wp-content\/uploads\/2022\/09\/Fotos-BLOG-Setembro-Amarelo-1.jpeg\" alt=\"\" data-id=\"1911\" data-full-url=\"https:\/\/ceak.org.br\/ee\/wp-content\/uploads\/2022\/09\/Fotos-BLOG-Setembro-Amarelo-1.jpeg\" data-link=\"https:\/\/ceak.org.br\/ee\/?attachment_id=1911#main\" class=\"wp-image-1911\" srcset=\"https:\/\/ceak.org.br\/ee\/wp-content\/uploads\/2022\/09\/Fotos-BLOG-Setembro-Amarelo-1.jpeg 1600w, https:\/\/ceak.org.br\/ee\/wp-content\/uploads\/2022\/09\/Fotos-BLOG-Setembro-Amarelo-1-800x600.jpeg 800w, https:\/\/ceak.org.br\/ee\/wp-content\/uploads\/2022\/09\/Fotos-BLOG-Setembro-Amarelo-1-768x576.jpeg 768w, https:\/\/ceak.org.br\/ee\/wp-content\/uploads\/2022\/09\/Fotos-BLOG-Setembro-Amarelo-1-1536x1152.jpeg 1536w, https:\/\/ceak.org.br\/ee\/wp-content\/uploads\/2022\/09\/Fotos-BLOG-Setembro-Amarelo-1-600x450.jpeg 600w\" sizes=\"(max-width: 1600px) 100vw, 1600px\" \/><\/figure>\n<\/li>\n<li class=\"blocks-gallery-item\">\n<figure><img loading=\"lazy\" width=\"1600\" height=\"1200\" src=\"https:\/\/ceak.org.br\/ee\/wp-content\/uploads\/2022\/09\/Fotos-BLOG-Setembro-Amarelo-2.jpeg\" alt=\"\" data-id=\"1912\" data-full-url=\"https:\/\/ceak.org.br\/ee\/wp-content\/uploads\/2022\/09\/Fotos-BLOG-Setembro-Amarelo-2.jpeg\" data-link=\"https:\/\/ceak.org.br\/ee\/?attachment_id=1912#main\" class=\"wp-image-1912\" srcset=\"https:\/\/ceak.org.br\/ee\/wp-content\/uploads\/2022\/09\/Fotos-BLOG-Setembro-Amarelo-2.jpeg 1600w, https:\/\/ceak.org.br\/ee\/wp-content\/uploads\/2022\/09\/Fotos-BLOG-Setembro-Amarelo-2-800x600.jpeg 800w, https:\/\/ceak.org.br\/ee\/wp-content\/uploads\/2022\/09\/Fotos-BLOG-Setembro-Amarelo-2-768x576.jpeg 768w, https:\/\/ceak.org.br\/ee\/wp-content\/uploads\/2022\/09\/Fotos-BLOG-Setembro-Amarelo-2-1536x1152.jpeg 1536w, https:\/\/ceak.org.br\/ee\/wp-content\/uploads\/2022\/09\/Fotos-BLOG-Setembro-Amarelo-2-600x450.jpeg 600w\" sizes=\"(max-width: 1600px) 100vw, 1600px\" \/><\/figure>\n<\/li>\n<li class=\"blocks-gallery-item\">\n<figure><img loading=\"lazy\" width=\"1600\" height=\"1200\" src=\"https:\/\/ceak.org.br\/ee\/wp-content\/uploads\/2022\/09\/Fotos-BLOG-Setembro-Amarelo-3.jpeg\" alt=\"\" data-id=\"1913\" data-full-url=\"https:\/\/ceak.org.br\/ee\/wp-content\/uploads\/2022\/09\/Fotos-BLOG-Setembro-Amarelo-3.jpeg\" data-link=\"https:\/\/ceak.org.br\/ee\/?attachment_id=1913#main\" class=\"wp-image-1913\" srcset=\"https:\/\/ceak.org.br\/ee\/wp-content\/uploads\/2022\/09\/Fotos-BLOG-Setembro-Amarelo-3.jpeg 1600w, https:\/\/ceak.org.br\/ee\/wp-content\/uploads\/2022\/09\/Fotos-BLOG-Setembro-Amarelo-3-800x600.jpeg 800w, https:\/\/ceak.org.br\/ee\/wp-content\/uploads\/2022\/09\/Fotos-BLOG-Setembro-Amarelo-3-768x576.jpeg 768w, https:\/\/ceak.org.br\/ee\/wp-content\/uploads\/2022\/09\/Fotos-BLOG-Setembro-Amarelo-3-1536x1152.jpeg 1536w, https:\/\/ceak.org.br\/ee\/wp-content\/uploads\/2022\/09\/Fotos-BLOG-Setembro-Amarelo-3-600x450.jpeg 600w\" sizes=\"(max-width: 1600px) 100vw, 1600px\" \/><\/figure>\n<\/li>\n<\/ul>\n<\/figure>\n<p><em>Quer saber mais sobre as atividades do CCII CEAK Educand\u00e1rio Eur\u00edpedes? <\/em>Entre em contato pelo e-mail <a href=\"mailto:contato.ee@ceak.org.br\">contato.ee@ceak.org.br<\/a> ou pelo <em>WhatsApp<\/em> (19) 99433.3657.<\/p>\n<hr class=\"wp-block-separator\"\/>\n<p>Bibliografia:<\/p>\n<ul>\n<li><a href=\"https:\/\/www.cvv.org.br\/\">https:\/\/www.cvv.org.br\/<\/a><\/li>\n<li><a href=\"https:\/\/brasilescola.uol.com.br\/saude\/setembro-amarelo.htm\">https:\/\/brasilescola.uol.com.br\/saude\/setembro-amarelo.htm<\/a><\/li>\n<\/ul>\n<p><em>Respons\u00e1vel: Mayara Paletta &#8211; Psic\u00f3loga \u2013 CRP 06\/151971<\/em><\/p>\n<figure class=\"wp-block-image size-large\"><img loading=\"lazy\" width=\"269\" height=\"100\" src=\"https:\/\/ceak.org.br\/ee\/wp-content\/uploads\/2016\/11\/logo-EE.png\" alt=\"\" class=\"wp-image-26\"\/><\/figure>\n","protected":false},"excerpt":{"rendered":"<p>Campanha de conscientiza\u00e7\u00e3o Preven\u00e7\u00e3o ao suic\u00eddio \u2013 Sua vida importa! Criada em 2015, dia 10 de setembro pelo CVV (centro de valoriza\u00e7\u00e3o da vida) \u00e9 o Dia Mundial de Preven\u00e7\u00e3o ao Suic\u00eddio e, o m\u00eas foi escolhido para representar a causa, incentivando a discuss\u00e3o e a divulga\u00e7\u00e3o dos sintomas e medidas preventivas. O Amarelo simboliza [&hellip;]\n","protected":false},"author":3,"featured_media":1916,"comment_status":"open","ping_status":"open","sticky":false,"template":"","format":"standard","meta":[],"categories":[35],"tags":[],"_links":{"self":[{"href":"https:\/\/ceak.org.br\/ee\/wp-json\/wp\/v2\/posts\/1910"}],"collection":[{"href":"https:\/\/ceak.org.br\/ee\/wp-json\/wp\/v2\/posts"}],"about":[{"href":"https:\/\/ceak.org.br\/ee\/wp-json\/wp\/v2\/types\/post"}],"author":[{"embeddable":true,"href":"https:\/\/ceak.org.br\/ee\/wp-json\/wp\/v2\/users\/3"}],"replies":[{"embeddable":true,"href":"https:\/\/ceak.org.br\/ee\/wp-json\/wp\/v2\/comments?post=1910"}],"version-history":[{"count":1,"href":"https:\/\/ceak.org.br\/ee\/wp-json\/wp\/v2\/posts\/1910\/revisions"}],"predecessor-version":[{"id":1915,"href":"https:\/\/ceak.org.br\/ee\/wp-json\/wp\/v2\/posts\/1910\/revisions\/1915"}],"wp:featuredmedia":[{"embeddable":true,"href":"https:\/\/ceak.org.br\/ee\/wp-json\/wp\/v2\/media\/1916"}],"wp:attachment":[{"href":"https:\/\/ceak.org.br\/ee\/wp-json\/wp\/v2\/media?parent=1910"}],"wp:term":[{"taxonomy":"category","embeddable":true,"href":"https:\/\/ceak.org.br\/ee\/wp-json\/wp\/v2\/categories?post=1910"},{"taxonomy":"post_tag","embeddable":true,"href":"https:\/\/ceak.org.br\/ee\/wp-json\/wp\/v2\/tags?post=1910"}],"curies":[{"name":"wp","href":"https:\/\/api.w.org\/{rel}","templated":true}]}}