{"id":2169,"date":"2023-06-07T11:46:01","date_gmt":"2023-06-07T14:46:01","guid":{"rendered":"https:\/\/ceak.org.br\/ee\/?p=2169"},"modified":"2023-06-07T11:46:04","modified_gmt":"2023-06-07T14:46:04","slug":"conferencia-regional-norte","status":"publish","type":"post","link":"https:\/\/ceak.org.br\/ee\/conferencia-regional-norte\/","title":{"rendered":"Confer\u00eancia Regional Norte"},"content":{"rendered":"<p>No dia 02 de junho de 2023 aconteceu, na Fitel Dom Bosco, a <strong>Confer\u00eancia Regional Norte<\/strong> como parte das a\u00e7\u00f5es da XV Confer\u00eancia Municipal da Assist\u00eancia Social, promovida pelo CMAS Campinas.<\/p>\n<p>Contamos com a presen\u00e7a da Karen da Silva e Rosemary Sim\u00f5es representando os participantes das atividades do CCII CEAK Educand\u00e1rio Eur\u00edpedes. Tamb\u00e9m estiverem presentes o Coordenador T\u00e9cnico, Luiz Mendes e as Assistentes Sociais, Amanda Ribeiro (CCII) e Vanessa Maran (DIP).<\/p>\n<p>A participa\u00e7\u00e3o dos usu\u00e1rios contempla um dos objetivos do servi\u00e7o em \u201cOportunizar o acesso \u00e0s informa\u00e7\u00f5es sobre direitos e sobre participa\u00e7\u00e3o cidad\u00e3, estimulando o desenvolvimento do protagonismo dos usu\u00e1rios\u201d, conforme apresenta a Tipifica\u00e7\u00e3o Nacional de Servi\u00e7os Socioassistenciais [Dispon\u00edvel em: <a href=\"https:\/\/www.mds.gov.br\/webarquivos\/publicacao\/assistencia_social\/Normativas\/tipificacao.pdf\">https:\/\/www.mds.gov.br\/webarquivos\/publicacao\/assistencia_social\/Normativas\/tipificacao.pdf<\/a>].<\/p>\n<p>Importante destacar que a Karen e a Rosemary de candidataram e foram eleitas para participar como delegadas da XV Confer\u00eancia Municipal da Assist\u00eancia Social promovida pelo CMAS Campinas, que acontecer\u00e1 nos dias 06 e 07\/07, como representante dos usu\u00e1rios da regi\u00e3o norte. <strong>Parab\u00e9ns<\/strong>! <\/p>\n<p>Para saber mais sobre a XV Confer\u00eancia Municipal da Assist\u00eancia Social, acessar o site <a href=\"https:\/\/cmas.campinas.br\/15conferencia\/\">https:\/\/cmas.campinas.br\/15conferencia\/<\/a>.<\/p>\n<figure class=\"wp-block-gallery columns-4 is-cropped\">\n<ul class=\"blocks-gallery-grid\">\n<li class=\"blocks-gallery-item\">\n<figure><img loading=\"lazy\" width=\"768\" height=\"1024\" src=\"https:\/\/ceak.org.br\/ee\/wp-content\/uploads\/2023\/06\/Conferencia-Regional-Norte-1.jpeg\" alt=\"\" data-id=\"2170\" data-full-url=\"https:\/\/ceak.org.br\/ee\/wp-content\/uploads\/2023\/06\/Conferencia-Regional-Norte-1.jpeg\" data-link=\"https:\/\/ceak.org.br\/ee\/?attachment_id=2170#main\" class=\"wp-image-2170\" srcset=\"https:\/\/ceak.org.br\/ee\/wp-content\/uploads\/2023\/06\/Conferencia-Regional-Norte-1.jpeg 768w, https:\/\/ceak.org.br\/ee\/wp-content\/uploads\/2023\/06\/Conferencia-Regional-Norte-1-600x800.jpeg 600w\" sizes=\"(max-width: 768px) 100vw, 768px\" \/><\/figure>\n<\/li>\n<li class=\"blocks-gallery-item\">\n<figure><img loading=\"lazy\" width=\"1280\" height=\"960\" src=\"https:\/\/ceak.org.br\/ee\/wp-content\/uploads\/2023\/06\/Conferencia-Regional-Norte-2.jpeg\" alt=\"\" data-id=\"2171\" data-full-url=\"https:\/\/ceak.org.br\/ee\/wp-content\/uploads\/2023\/06\/Conferencia-Regional-Norte-2.jpeg\" data-link=\"https:\/\/ceak.org.br\/ee\/?attachment_id=2171#main\" class=\"wp-image-2171\" srcset=\"https:\/\/ceak.org.br\/ee\/wp-content\/uploads\/2023\/06\/Conferencia-Regional-Norte-2.jpeg 1280w, https:\/\/ceak.org.br\/ee\/wp-content\/uploads\/2023\/06\/Conferencia-Regional-Norte-2-800x600.jpeg 800w, https:\/\/ceak.org.br\/ee\/wp-content\/uploads\/2023\/06\/Conferencia-Regional-Norte-2-768x576.jpeg 768w, https:\/\/ceak.org.br\/ee\/wp-content\/uploads\/2023\/06\/Conferencia-Regional-Norte-2-600x450.jpeg 600w\" sizes=\"(max-width: 1280px) 100vw, 1280px\" \/><\/figure>\n<\/li>\n<li class=\"blocks-gallery-item\">\n<figure><img loading=\"lazy\" width=\"1280\" height=\"960\" src=\"https:\/\/ceak.org.br\/ee\/wp-content\/uploads\/2023\/06\/Conferencia-Regional-Norte-3.jpeg\" alt=\"\" data-id=\"2172\" data-full-url=\"https:\/\/ceak.org.br\/ee\/wp-content\/uploads\/2023\/06\/Conferencia-Regional-Norte-3.jpeg\" data-link=\"https:\/\/ceak.org.br\/ee\/?attachment_id=2172#main\" class=\"wp-image-2172\" srcset=\"https:\/\/ceak.org.br\/ee\/wp-content\/uploads\/2023\/06\/Conferencia-Regional-Norte-3.jpeg 1280w, https:\/\/ceak.org.br\/ee\/wp-content\/uploads\/2023\/06\/Conferencia-Regional-Norte-3-800x600.jpeg 800w, https:\/\/ceak.org.br\/ee\/wp-content\/uploads\/2023\/06\/Conferencia-Regional-Norte-3-768x576.jpeg 768w, https:\/\/ceak.org.br\/ee\/wp-content\/uploads\/2023\/06\/Conferencia-Regional-Norte-3-600x450.jpeg 600w\" sizes=\"(max-width: 1280px) 100vw, 1280px\" \/><\/figure>\n<\/li>\n<li class=\"blocks-gallery-item\">\n<figure><img loading=\"lazy\" width=\"1280\" height=\"960\" src=\"https:\/\/ceak.org.br\/ee\/wp-content\/uploads\/2023\/06\/Conferencia-Regional-Norte-4.jpeg\" alt=\"\" data-id=\"2173\" data-full-url=\"https:\/\/ceak.org.br\/ee\/wp-content\/uploads\/2023\/06\/Conferencia-Regional-Norte-4.jpeg\" data-link=\"https:\/\/ceak.org.br\/ee\/?attachment_id=2173#main\" class=\"wp-image-2173\" srcset=\"https:\/\/ceak.org.br\/ee\/wp-content\/uploads\/2023\/06\/Conferencia-Regional-Norte-4.jpeg 1280w, https:\/\/ceak.org.br\/ee\/wp-content\/uploads\/2023\/06\/Conferencia-Regional-Norte-4-800x600.jpeg 800w, https:\/\/ceak.org.br\/ee\/wp-content\/uploads\/2023\/06\/Conferencia-Regional-Norte-4-768x576.jpeg 768w, https:\/\/ceak.org.br\/ee\/wp-content\/uploads\/2023\/06\/Conferencia-Regional-Norte-4-600x450.jpeg 600w\" sizes=\"(max-width: 1280px) 100vw, 1280px\" \/><\/figure>\n<\/li>\n<\/ul>\n<\/figure>\n<p><strong><em>Quer saber mais sobre as atividades do CEAK Educand\u00e1rio Eur\u00edpedes? Entre em contato pelo e-mail adm8.ee.cml@ceak.org.br ou pelo WhatsApp (19) 99433.3657.<\/em><\/strong><\/p>\n<figure class=\"wp-block-image size-large\"><img loading=\"lazy\" width=\"269\" height=\"100\" src=\"https:\/\/ceak.org.br\/ee\/wp-content\/uploads\/2016\/11\/logo-EE.png\" alt=\"\" class=\"wp-image-26\"\/><\/figure>\n","protected":false},"excerpt":{"rendered":"<p>No dia 02 de junho de 2023 aconteceu, na Fitel Dom Bosco, a Confer\u00eancia Regional Norte como parte das a\u00e7\u00f5es da XV Confer\u00eancia Municipal da Assist\u00eancia Social, promovida pelo CMAS Campinas. Contamos com a presen\u00e7a da Karen da Silva e Rosemary Sim\u00f5es representando os participantes das atividades do CCII CEAK Educand\u00e1rio Eur\u00edpedes. Tamb\u00e9m estiverem presentes [&hellip;]\n","protected":false},"author":3,"featured_media":2174,"comment_status":"open","ping_status":"open","sticky":false,"template":"","format":"standard","meta":[],"categories":[22,20],"tags":[],"_links":{"self":[{"href":"https:\/\/ceak.org.br\/ee\/wp-json\/wp\/v2\/posts\/2169"}],"collection":[{"href":"https:\/\/ceak.org.br\/ee\/wp-json\/wp\/v2\/posts"}],"about":[{"href":"https:\/\/ceak.org.br\/ee\/wp-json\/wp\/v2\/types\/post"}],"author":[{"embeddable":true,"href":"https:\/\/ceak.org.br\/ee\/wp-json\/wp\/v2\/users\/3"}],"replies":[{"embeddable":true,"href":"https:\/\/ceak.org.br\/ee\/wp-json\/wp\/v2\/comments?post=2169"}],"version-history":[{"count":1,"href":"https:\/\/ceak.org.br\/ee\/wp-json\/wp\/v2\/posts\/2169\/revisions"}],"predecessor-version":[{"id":2175,"href":"https:\/\/ceak.org.br\/ee\/wp-json\/wp\/v2\/posts\/2169\/revisions\/2175"}],"wp:featuredmedia":[{"embeddable":true,"href":"https:\/\/ceak.org.br\/ee\/wp-json\/wp\/v2\/media\/2174"}],"wp:attachment":[{"href":"https:\/\/ceak.org.br\/ee\/wp-json\/wp\/v2\/media?parent=2169"}],"wp:term":[{"taxonomy":"category","embeddable":true,"href":"https:\/\/ceak.org.br\/ee\/wp-json\/wp\/v2\/categories?post=2169"},{"taxonomy":"post_tag","embeddable":true,"href":"https:\/\/ceak.org.br\/ee\/wp-json\/wp\/v2\/tags?post=2169"}],"curies":[{"name":"wp","href":"https:\/\/api.w.org\/{rel}","templated":true}]}}