{"id":2185,"date":"2023-06-12T12:19:12","date_gmt":"2023-06-12T15:19:12","guid":{"rendered":"https:\/\/ceak.org.br\/ee\/?p=2185"},"modified":"2023-06-12T12:20:12","modified_gmt":"2023-06-12T15:20:12","slug":"educandario-euripedes-encerra-projeto-novos-horizontes","status":"publish","type":"post","link":"https:\/\/ceak.org.br\/ee\/educandario-euripedes-encerra-projeto-novos-horizontes\/","title":{"rendered":"Educand\u00e1rio Eur\u00edpedes encerra Projeto Novos Horizontes"},"content":{"rendered":"<p class=\"has-luminous-vivid-orange-color has-text-color\"><em>O Projeto resultou em um significativo aumento no n\u00famero de refei\u00e7\u00f5es produzidas e atendimentos realizados a jovens e adolescentes<\/em><\/p>\n<p>Aconteceu, em 9 de maio, a entrega, ao Tribunal Regional do Trabalho da 15a. Regi\u00e3o de Campinas, de um dossi\u00ea com todo o hist\u00f3rico e presta\u00e7\u00e3o de contas do Projeto Novos Horizontes, realizado pelo Educand\u00e1rio Eur\u00edpedes, do Centro Esp\u00edrita Allan Kardec.<\/p>\n<p>O Projeto, que recebeu o investimento de R$ 1,09 milh\u00f5es, \u00e9 fruto de um acordo de R$ 30 milh\u00f5es recebido como parte de uma indeniza\u00e7\u00e3o por dano moral coletiva entre o Minist\u00e9rio P\u00fablico do Trabalho e a Construtora Norberto Odebrecht.<\/p>\n<p>O Novos Horizontes tem como objetivo promover a dignidade humana e a autonomia para o trabalho, atrav\u00e9s da forma\u00e7\u00e3o profissional qualificada para adolescentes, jovens e adultos em situa\u00e7\u00e3o comprovada de risco e vulnerabilidade social, visando assegurar o pleno desenvolvimento de sua pessoa e preparo para o exerc\u00edcio da cidadania e qualifica\u00e7\u00e3o para o trabalho, para garantia de direitos e deveres regidos pelo Estatuto da Crian\u00e7a e do Adolescente (ECA) e da Consolida\u00e7\u00e3o das Leis Trabalhistas (CLT).<\/p>\n<p>Com o recurso recebido, o Educand\u00e1rio Eur\u00edpedes realizou, de 2019 a 2022, a reforma da \u00e1rea da cozinha industrial, de gastronomia, inform\u00e1tica e refeit\u00f3rio, o que proporcionou um significativo aumento no n\u00famero de refei\u00e7\u00f5es produzidas e servidas, pouco mais de 12 mil por m\u00eas, e uma amplia\u00e7\u00e3o no n\u00famero de atendimentos na \u00e1rea de gastronomia, cerca de 4 mil, atrav\u00e9s da realiza\u00e7\u00e3o de diversas oficinas e cursos de qualifica\u00e7\u00e3o, capacita\u00e7\u00e3o e inicia\u00e7\u00e3o profissional.<\/p>\n<p>De acordo com Paulo Edson Figueiredo Pontes, Presidente do Centro Esp\u00edrita Allan Kardec \u2013 Educand\u00e1rio Eur\u00edpedes, este projeto trouxe um grande avan\u00e7o para a atualiza\u00e7\u00e3o e moderniza\u00e7\u00e3o dos nossos espa\u00e7os e equipamentos, o que contribuiu significativamente para a melhoria dos atendimentos oferecidos \u00e0 nossa comunidade.<\/p>\n<p>Al\u00e9m do Educand\u00e1rio Eur\u00edpedes, outras tr\u00eas intui\u00e7\u00f5es tamb\u00e9m foram beneficiadas: &nbsp;Grupo de Assist\u00eancia \u00e0 Crian\u00e7a com C\u00e2ncer, de S\u00e3o Jos\u00e9 dos Campos, Funda\u00e7\u00e3o Faculdade Regional de Medicina de S\u00e3o Jos\u00e9 do Rio Preto e a Funda\u00e7\u00e3o de Apoio ao Ensino, Pesquisa e Assist\u00eancia do Hospital das Cl\u00ednicas, de Ribeir\u00e3o Preto.<\/p>\n<p>O projeto est\u00e1 alinhado com os 17 Objetivos de Desenvolvimento Sustent\u00e1vel, proposto para Organiza\u00e7\u00e3o das Na\u00e7\u00f5es Unidas em 2015, dentre eles o 8\u00ba Objetivo que busca promover o trabalho digno e o crescimento econ\u00f4mico.<\/p>\n<p>No portal transpar\u00eancia do Educand\u00e1rio Eur\u00edpedes voc\u00ea encontra todas as fases do projeto, acompanhamento das obras e presta\u00e7\u00e3o de contas completa do recurso investido e utilizado: <a href=\"https:\/\/ceak.org.br\/ceak\/transparencia\/\">https:\/\/ceak.org.br\/ceak\/transparencia\/<\/a>.<\/p>\n<p>Saiba mais sobre o Educand\u00e1rio Eur\u00edpedes em <a href=\"https:\/\/ceak.org.br\/ee\/\">https:\/\/ceak.org.br\/ee\/<\/a><\/p>\n<div class=\"wp-block-media-text alignwide is-stacked-on-mobile\">\n<figure class=\"wp-block-media-text__media\"><img loading=\"lazy\" width=\"1600\" height=\"1204\" src=\"https:\/\/ceak.org.br\/ee\/wp-content\/uploads\/2023\/06\/WhatsApp-Image-2023-05-10-at-09.03.46.jpeg\" alt=\"\" class=\"wp-image-2186 size-full\" srcset=\"https:\/\/ceak.org.br\/ee\/wp-content\/uploads\/2023\/06\/WhatsApp-Image-2023-05-10-at-09.03.46.jpeg 1600w, https:\/\/ceak.org.br\/ee\/wp-content\/uploads\/2023\/06\/WhatsApp-Image-2023-05-10-at-09.03.46-800x602.jpeg 800w, https:\/\/ceak.org.br\/ee\/wp-content\/uploads\/2023\/06\/WhatsApp-Image-2023-05-10-at-09.03.46-768x578.jpeg 768w, https:\/\/ceak.org.br\/ee\/wp-content\/uploads\/2023\/06\/WhatsApp-Image-2023-05-10-at-09.03.46-1536x1156.jpeg 1536w, https:\/\/ceak.org.br\/ee\/wp-content\/uploads\/2023\/06\/WhatsApp-Image-2023-05-10-at-09.03.46-600x452.jpeg 600w\" sizes=\"(max-width: 1600px) 100vw, 1600px\" \/><\/figure>\n<div class=\"wp-block-media-text__content\">\n<p><a>Paulo Edson Figueiredo Pontes, Presidente do Centro Esp\u00edrita Allan Kardec \u2013 Educand\u00e1rio Eur\u00edpedes<\/a>, Desembargador Samuel Hugo Lima, Presidente do <a>Tribunal Regional do Trabalho da 15a. Regi\u00e3o<\/a> de Campinas, e Marinice Ishimaru, tamb\u00e9m do Centro Esp\u00edrita Allan Kardec.<\/p>\n<\/div>\n<\/div>\n","protected":false},"excerpt":{"rendered":"<p>O Projeto resultou em um significativo aumento no n\u00famero de refei\u00e7\u00f5es produzidas e atendimentos realizados a jovens e adolescentes Aconteceu, em 9 de maio, a entrega, ao Tribunal Regional do Trabalho da 15a. Regi\u00e3o de Campinas, de um dossi\u00ea com todo o hist\u00f3rico e presta\u00e7\u00e3o de contas do Projeto Novos Horizontes, realizado pelo Educand\u00e1rio Eur\u00edpedes, [&hellip;]\n","protected":false},"author":3,"featured_media":2186,"comment_status":"open","ping_status":"open","sticky":false,"template":"","format":"standard","meta":[],"categories":[22,15],"tags":[],"_links":{"self":[{"href":"https:\/\/ceak.org.br\/ee\/wp-json\/wp\/v2\/posts\/2185"}],"collection":[{"href":"https:\/\/ceak.org.br\/ee\/wp-json\/wp\/v2\/posts"}],"about":[{"href":"https:\/\/ceak.org.br\/ee\/wp-json\/wp\/v2\/types\/post"}],"author":[{"embeddable":true,"href":"https:\/\/ceak.org.br\/ee\/wp-json\/wp\/v2\/users\/3"}],"replies":[{"embeddable":true,"href":"https:\/\/ceak.org.br\/ee\/wp-json\/wp\/v2\/comments?post=2185"}],"version-history":[{"count":2,"href":"https:\/\/ceak.org.br\/ee\/wp-json\/wp\/v2\/posts\/2185\/revisions"}],"predecessor-version":[{"id":2188,"href":"https:\/\/ceak.org.br\/ee\/wp-json\/wp\/v2\/posts\/2185\/revisions\/2188"}],"wp:featuredmedia":[{"embeddable":true,"href":"https:\/\/ceak.org.br\/ee\/wp-json\/wp\/v2\/media\/2186"}],"wp:attachment":[{"href":"https:\/\/ceak.org.br\/ee\/wp-json\/wp\/v2\/media?parent=2185"}],"wp:term":[{"taxonomy":"category","embeddable":true,"href":"https:\/\/ceak.org.br\/ee\/wp-json\/wp\/v2\/categories?post=2185"},{"taxonomy":"post_tag","embeddable":true,"href":"https:\/\/ceak.org.br\/ee\/wp-json\/wp\/v2\/tags?post=2185"}],"curies":[{"name":"wp","href":"https:\/\/api.w.org\/{rel}","templated":true}]}}