{"id":2372,"date":"2024-02-27T22:27:24","date_gmt":"2024-02-28T01:27:24","guid":{"rendered":"https:\/\/ceak.org.br\/ee\/?p=2372"},"modified":"2024-03-05T21:16:08","modified_gmt":"2024-03-06T00:16:08","slug":"o-real-significado-da-aprendizagem-profissional","status":"publish","type":"post","link":"https:\/\/ceak.org.br\/ee\/o-real-significado-da-aprendizagem-profissional\/","title":{"rendered":"O real significado da Aprendizagem Profissional"},"content":{"rendered":"<p>Para quem ainda tem d\u00favida sobre a import\u00e2ncia sobre o Estatuto da Crian\u00e7a e do Adolescente, Lei 8.069 de 13 de julho de 1990 e Lei da Aprendizagem, n\u00famero 10.097 de 19 de dezembro de 2000, a seguir, temos 08 motivos para compreender o real significado da Aprendizagem Profissional da vida de adolescentes e jovens.<\/p>\n<p>Conforme consta no ECA (Art. 4)<\/p>\n<p><em>Art. 4\u00ba \u00c9 dever da fam\u00edlia, da comunidade, da sociedade em geral e do poder p\u00fablico assegurar, com absoluta prioridade, a efetiva\u00e7\u00e3o dos direitos referentes \u00e0 vida, \u00e0 sa\u00fade, \u00e0 alimenta\u00e7\u00e3o, \u00e0 educa\u00e7\u00e3o, ao esporte, ao lazer, \u00e0 profissionaliza\u00e7\u00e3o, \u00e0 cultura, \u00e0 dignidade, ao respeito, \u00e0 liberdade e \u00e0 conviv\u00eancia familiar e comunit\u00e1ria.<\/em><\/p>\n<p>O direito a profissionaliza\u00e7\u00e3o se qualifica em \u201cforma\u00e7\u00e3o t\u00e9cnico-profissional ministrada segundo as diretrizes e bases da legisla\u00e7\u00e3o de educa\u00e7\u00e3o em vigor (ECA, Art. 62).<\/p>\n<p>A legisla\u00e7\u00e3o determina todas as orienta\u00e7\u00f5es para a oferta da aprendizagem profissional, que para al\u00e9m de burocratizar, garante a prote\u00e7\u00e3o contra o trabalho infantil. A import\u00e2ncia disso? Acompanhe nos relatos a seguir!<\/p>\n<div class=\"wp-block-media-text alignwide has-media-on-the-right is-stacked-on-mobile\" style=\"grid-template-columns:auto 31%\">\n<figure class=\"wp-block-media-text__media\"><img loading=\"lazy\" width=\"584\" height=\"795\" src=\"https:\/\/ceak.org.br\/ee\/wp-content\/uploads\/2024\/02\/1-Livia-Belcari-de-Azevedo.png\" alt=\"\" class=\"wp-image-2373 size-full\"\/><\/figure>\n<div class=\"wp-block-media-text__content\">\n<p><strong>L\u00edvia Belcari de Azevedo<\/strong><\/p>\n<p>\u201cFoi uma longa trajet\u00f3ria de 15 meses, dentro deles grandes mudan\u00e7as e conquistas. Al\u00e9m do Programa Jovem Aprendiz te preparar para o mundo do trabalho, ele te prepara pra vida, faz voc\u00ea amadurecer bastante. S\u00f3 vou levar coisas boas de tudo isso, foi muito importante pra minha vida, o que comecei sem vontade alguma de fazer foi se transformando em uma mem\u00f3ria inesquec\u00edvel. Fico por aqui pessoal\u2026 e se voc\u00ea que est\u00e1 fazendo o Trampo Jovem estiver lendo isso, N\u00c3O DESISTA os seus esfor\u00e7os n\u00e3o ser\u00e3o em v\u00e3o\u201d.<\/p>\n<\/div>\n<\/div>\n<hr class=\"wp-block-separator\"\/>\n<div class=\"wp-block-media-text alignwide is-stacked-on-mobile is-image-fill\" style=\"grid-template-columns:38% auto\">\n<figure class=\"wp-block-media-text__media\" style=\"background-image:url(https:\/\/ceak.org.br\/ee\/wp-content\/uploads\/2024\/02\/2-Matheus-Henrique-Lopes-de-Faria_reduzida.png);background-position:11% 63%\"><img loading=\"lazy\" width=\"600\" height=\"800\" src=\"https:\/\/ceak.org.br\/ee\/wp-content\/uploads\/2024\/02\/2-Matheus-Henrique-Lopes-de-Faria_reduzida.png\" alt=\"\" class=\"wp-image-2374 size-full\"\/><\/figure>\n<div class=\"wp-block-media-text__content\">\n<p><strong>Matheus Henrique Lopes de Faria<\/strong><\/p>\n<p>&#8220;Atrav\u00e9s do Projeto M\u00e3os na Massa eu consegui ingressar no Jovem Aprendiz do CEAK, com algumas ajudas e tamb\u00e9m esfor\u00e7o pr\u00f3prio. No come\u00e7o estava sendo dif\u00edcil, fui retirado da minha zona de conforto para ir trabalhar, pensei at\u00e9 algumas vezes em desistir, mas n\u00e3o deixei esses pensamentos me afetarem, pois sabia que iriam me atrapalhar durante o caminho. Quando percebi, j\u00e1 estava fazendo meu Trabalho de Conclus\u00e3o da Aprendizagem, o tempo passou voando, consegui muitos aprendizados e amizades que levarei para a vida. Com o apoio de algumas pessoas eu amadureci em v\u00e1rios sentidos, em algumas situa\u00e7\u00f5es foram mais en\u00e9rgicos comigo, isso foi muito bom, pois ap\u00f3s algum tempo eu percebi que seria um avan\u00e7o em minhas posturas.&nbsp; Os jovens deveriam tentar, tentar e tentar sem parar, pois somente assim crescemos e viramos adultos. Se ningu\u00e9m te der um apoio, seja voc\u00ea mesmo o seu apoio, pois somente assim voc\u00ea sobe na vida. Eu agrade\u00e7o a todo time do CEAK e tamb\u00e9m a BRIDGESTONE pois foram pe\u00e7as fundamentais para o meu crescimento profissional e pessoal. Obrigado!&#8221;.<\/p>\n<\/div>\n<\/div>\n<hr class=\"wp-block-separator\"\/>\n<div class=\"wp-block-media-text alignwide has-media-on-the-right is-stacked-on-mobile\" style=\"grid-template-columns:auto 35%\">\n<figure class=\"wp-block-media-text__media\"><img loading=\"lazy\" width=\"240\" height=\"320\" src=\"https:\/\/ceak.org.br\/ee\/wp-content\/uploads\/2024\/02\/3-Kethallyn-Vitoria-Arcenio-Generoso_reduz.png\" alt=\"\" class=\"wp-image-2375 size-full\"\/><\/figure>\n<div class=\"wp-block-media-text__content\">\n<p><strong>Kethallyn&nbsp;Vit\u00f3ria&nbsp;Arc\u00eanio Generoso<\/strong><\/p>\n<p>&#8220;No dia 04 de fevereiro me despedi do programa Jovem Aprendiz, onde tive muitas oportunidades, me tornei uma pessoa melhor e foi com toda certeza um ciclo crucial para o meu desenvolvimento, crescimento e amadurecimento. Foram momentos incr\u00edveis com pessoas maravilhosas, se eu pudesse dar um conselho para os Jovens Aprendizes que j\u00e1 est\u00e3o no programa, e para os que ainda v\u00e3o entrar, \u00e9 que aproveitem, pois&nbsp;vai passar muito r\u00e1pido, e no final do contrato s\u00f3 sobra saudade, eu sei que n\u00e3o \u00e9 f\u00e1cil, mas no fim vale cada esfor\u00e7o, vou ficando por aqui e s\u00f3 tenho a agradecer ao Programa Jovem Aprendiz.<\/p>\n<\/div>\n<\/div>\n<hr class=\"wp-block-separator\"\/>\n<div class=\"wp-block-media-text alignwide is-stacked-on-mobile\" style=\"grid-template-columns:37% auto\">\n<figure class=\"wp-block-media-text__media\"><img loading=\"lazy\" width=\"213\" height=\"320\" src=\"https:\/\/ceak.org.br\/ee\/wp-content\/uploads\/2024\/02\/4-Davi-Martins_reduz.png\" alt=\"\" class=\"wp-image-2376 size-full\"\/><\/figure>\n<div class=\"wp-block-media-text__content\">\n<p><strong>Davi Martins<\/strong><\/p>\n<p>&#8220;O Projeto Trampolim veio como uma b\u00fassola na minha vida, em um momento que eu estava muito indeciso sobre o que faria no futuro, e esse curso me guiou e me introduziu na vida profissional que era uma \u00e1rea que eu n\u00e3o tinha nenhum conhecimento.<br \/>Ap\u00f3s o Projeto Trampolim veio o Jovem Aprendiz, que me fez colocar tudo que eu aprendi em pr\u00e1tica. Foram 15 meses de muito aprendizado e dedica\u00e7\u00e3o, tamb\u00e9m teve alguns dias ruins, mas isso n\u00e3o me fez desistir. Fora o que eu conheci no Trampolim, eu aprendi muitas coisas tamb\u00e9m no Jovem Aprendiz, como educa\u00e7\u00e3o financeira, leis trabalhistas, ter mais responsabilidade, a ser mais comunicativo tanto profissionalmente quanto com amigos e familiares. Enfim, o Projeto Trampolim e o Jovem Aprendiz mudaram o caminho do meu futuro, agrade\u00e7o de cora\u00e7\u00e3o ao pessoal do CEAK EE e a todo mundo envolvido nos projetos!&#8221;<\/p>\n<\/div>\n<\/div>\n<hr class=\"wp-block-separator\"\/>\n<div class=\"wp-block-media-text alignwide has-media-on-the-right is-stacked-on-mobile\" style=\"grid-template-columns:auto 37%\">\n<figure class=\"wp-block-media-text__media\"><img loading=\"lazy\" width=\"329\" height=\"493\" src=\"https:\/\/ceak.org.br\/ee\/wp-content\/uploads\/2024\/02\/5-Marcos-Antonio-Pereira-de-Carvalho_reduz.png\" alt=\"\" class=\"wp-image-2377 size-full\"\/><\/figure>\n<div class=\"wp-block-media-text__content\">\n<p><strong>Marcos Ant\u00f4nio&nbsp;Pereira de Carvalho<\/strong><\/p>\n<p>&#8220;Atrav\u00e9s do Projeto Trampolim, que atualmente \u00e9 Trampo Jovem, pude ter a oportunidade de trabalhar como Jovem Aprendiz, o que me trouxe uma oportunidade de estar pr\u00f3ximo do setor da minha \u00e1rea que sempre sonhei, que \u00e9 a Tecnologia da Informa\u00e7\u00e3o. Ser Jovem Aprendiz me fez ter a mente mais aberta para o mundo do trabalho, e fez com que eu criasse mais responsabilidade na minha vida pessoal. Foi um privil\u00e9gio conhecer profissionais incr\u00edveis em que eu tive contato durante esse per\u00edodo de aprendizagem. Tenho a agradecer a todos do CEAK que me ajudaram, tanto eu como meus irm\u00e3os. Obrigado pelos ensinamentos, os pux\u00f5es de orelhas e pelo carinho enorme que voc\u00eas t\u00eam por mim. Obrigado ao C\u00edrculo Militar por me ajudar tanto no pessoal quanto no profissional. Conheci pessoas maravilhosas e legais de se conviver. Obrigado a&nbsp;todos envolvidos nesse per\u00edodo em que passei esse tempo de Aprendizagem&#8221;.<\/p>\n<\/div>\n<\/div>\n<hr class=\"wp-block-separator\"\/>\n<div class=\"wp-block-media-text alignwide is-stacked-on-mobile\" style=\"grid-template-columns:31% auto\">\n<figure class=\"wp-block-media-text__media\"><img loading=\"lazy\" width=\"213\" height=\"320\" src=\"https:\/\/ceak.org.br\/ee\/wp-content\/uploads\/2024\/02\/6-Danilo-Diniz-Tomazio-Ferreira_reduz.png\" alt=\"\" class=\"wp-image-2378 size-full\"\/><\/figure>\n<div class=\"wp-block-media-text__content\">\n<p><strong>Danilo&nbsp;Diniz Tomazio Ferreira<\/strong><\/p>\n<p>&#8220;Estar no Programa Jovem Aprendiz, foi a realiza\u00e7\u00e3o de um dos meus maiores objetivos, iniciar no Projeto Trampolim anteriormente de fato influenciou a iniciar a aprendizagem. Foi uma oportunidade inesquec\u00edvel em que desenvolvi partes de mim e aprendi coisas que nunca havia feito ou colocado em pr\u00e1tica, seja profissional ou pessoal.&nbsp; Agrade\u00e7o a equipe Educand\u00e1rio Eur\u00edpedes e ao RH e Ambulat\u00f3rio Bridgestone que me acolheram t\u00e3o bem desde o in\u00edcio e durante todo momento que estive com eles, vou levar para sempre em meu cora\u00e7\u00e3o assim como as amizades que fiz, foram pessoas que tornaram este per\u00edodo mais leve compartilhando hist\u00f3rias e lembran\u00e7as que v\u00e3o estar pra sempre em meu cora\u00e7\u00e3o!&#8221;.<\/p>\n<\/div>\n<\/div>\n<hr class=\"wp-block-separator\"\/>\n<div class=\"wp-block-media-text alignwide has-media-on-the-right is-stacked-on-mobile\" style=\"grid-template-columns:auto 34%\">\n<figure class=\"wp-block-media-text__media\"><img loading=\"lazy\" width=\"657\" height=\"985\" src=\"https:\/\/ceak.org.br\/ee\/wp-content\/uploads\/2024\/02\/7-Arthur-Rios-da-Silva.png\" alt=\"\" class=\"wp-image-2379 size-full\" srcset=\"https:\/\/ceak.org.br\/ee\/wp-content\/uploads\/2024\/02\/7-Arthur-Rios-da-Silva.png 657w, https:\/\/ceak.org.br\/ee\/wp-content\/uploads\/2024\/02\/7-Arthur-Rios-da-Silva-534x800.png 534w, https:\/\/ceak.org.br\/ee\/wp-content\/uploads\/2024\/02\/7-Arthur-Rios-da-Silva-600x900.png 600w\" sizes=\"(max-width: 657px) 100vw, 657px\" \/><\/figure>\n<div class=\"wp-block-media-text__content\">\n<p><strong>Arthur Rios da Silva<\/strong><\/p>\n<p>&#8220;A minha trajet\u00f3ria no Jovem Aprendiz foi muito boa, sou muito grato ao projeto Trampolim, que agora se chama Trampo Jovem. Eu me transformei em uma pessoa nova, a me entender e aprendi a lidar com pessoas tamb\u00e9m. Depois da pandemia era muito dif\u00edcil conversar com pessoas que n\u00e3o eram do meu c\u00edrculo de conv\u00edvio, ent\u00e3o no projeto eu tive que&nbsp;aparecer para novas pessoas e ter que me expor para socializar. Foi muito dif\u00edcil para mim no come\u00e7o, tanto que nas primeiras aulas eu sentia muita vergonha no projeto Trampolim, sentia muita vergonha mesmo, me achava feio, n\u00e3o queria abrir a c\u00e2mera, mas depois eu fui me acostumando e eu sinto que desde o come\u00e7o at\u00e9 agora eu perdi muito essa minha timidez, ent\u00e3o eu parei de ser t\u00edmido e isso foi um dos ensinamentos que eu aprendi tamb\u00e9m. Tanto de planilhas de Excel, como lidar com meu pr\u00f3prio dinheiro, \u00e9tica dentro da empresa, entre v\u00e1rias coisas, eu aprendi tudo isso e sou bastante grato.&nbsp;<\/p>\n<\/div>\n<\/div>\n<p>Agrade\u00e7o tanto a Bridgestone quanto ao Educand\u00e1rio Eur\u00edpedes, que me ajudaram a crescer como pessoa e como profissional. Hoje em dia eu lido melhor com a minha vida, e eu sei enxergar que o profissional tamb\u00e9m melhorou. Sou grato ao Fernando, ao Henrique, a todo o pessoal do Educand\u00e1rio, o pessoal da Bridgestone, sou muito agradecido \u00e0 minha gestora, \u00e0 Mari, Fabiola, Josiane, e ao time em geral. Sou grato tamb\u00e9m a todo mundo que me acolheu l\u00e1 na Bridgestone. N\u00e3o \u00e9 t\u00e3o f\u00e1cil essa trajet\u00f3ria at\u00e9 aqui, ent\u00e3o eu sou muito grato e espero que esse projeto saia aben\u00e7oando a vida de v\u00e1rias pessoas como aben\u00e7oou a minha. Sou muito grato tamb\u00e9m a Deusa, minha m\u00e3e, minha fam\u00edlia e muito obrigado por tudo&#8221;.<\/p>\n<hr class=\"wp-block-separator\"\/>\n<div class=\"wp-block-media-text alignwide is-stacked-on-mobile\" style=\"grid-template-columns:26% auto\">\n<figure class=\"wp-block-media-text__media\"><img loading=\"lazy\" width=\"657\" height=\"985\" src=\"https:\/\/ceak.org.br\/ee\/wp-content\/uploads\/2024\/02\/8-Denise-Alvarez-Gomes.png\" alt=\"\" class=\"wp-image-2380 size-full\" srcset=\"https:\/\/ceak.org.br\/ee\/wp-content\/uploads\/2024\/02\/8-Denise-Alvarez-Gomes.png 657w, https:\/\/ceak.org.br\/ee\/wp-content\/uploads\/2024\/02\/8-Denise-Alvarez-Gomes-534x800.png 534w, https:\/\/ceak.org.br\/ee\/wp-content\/uploads\/2024\/02\/8-Denise-Alvarez-Gomes-600x900.png 600w\" sizes=\"(max-width: 657px) 100vw, 657px\" \/><\/figure>\n<div class=\"wp-block-media-text__content\">\n<p><strong>Denise Alvarez Gomes<\/strong><\/p>\n<p>&#8220;Gostei muito de trabalhar como Jovem Aprendiz do Educand\u00e1rio Eur\u00edpedes, pois foi uma experi\u00eancia muito boa, aprendi a ter ainda mais responsabilidades, hoje sou muito mais pontual e vou levar todos os ensinamentos que tive nesses 15 meses de contrato para a vida.&#8221;<\/p>\n<\/div>\n<\/div>\n<p><strong><em>Quer saber mais sobre as atividades do CEAK Educand\u00e1rio Eur\u00edpedes? Entre em contato pelo e-mail adm8.ee.cml@ceak.org.br ou pelo WhatsApp (19) 99433.3657.<\/em><\/strong><\/p>\n<figure class=\"wp-block-image size-large\"><img loading=\"lazy\" width=\"269\" height=\"100\" src=\"https:\/\/ceak.org.br\/ee\/wp-content\/uploads\/2016\/11\/logo-EE.png\" alt=\"\" class=\"wp-image-26\"\/><\/figure>\n","protected":false},"excerpt":{"rendered":"<p>Para quem ainda tem d\u00favida sobre a import\u00e2ncia sobre o Estatuto da Crian\u00e7a e do Adolescente, Lei 8.069 de 13 de julho de 1990 e Lei da Aprendizagem, n\u00famero 10.097 de 19 de dezembro de 2000, a seguir, temos 08 motivos para compreender o real significado da Aprendizagem Profissional da vida de adolescentes e jovens. [&hellip;]\n","protected":false},"author":3,"featured_media":2399,"comment_status":"open","ping_status":"open","sticky":false,"template":"","format":"standard","meta":[],"categories":[22,20,15,73],"tags":[],"_links":{"self":[{"href":"https:\/\/ceak.org.br\/ee\/wp-json\/wp\/v2\/posts\/2372"}],"collection":[{"href":"https:\/\/ceak.org.br\/ee\/wp-json\/wp\/v2\/posts"}],"about":[{"href":"https:\/\/ceak.org.br\/ee\/wp-json\/wp\/v2\/types\/post"}],"author":[{"embeddable":true,"href":"https:\/\/ceak.org.br\/ee\/wp-json\/wp\/v2\/users\/3"}],"replies":[{"embeddable":true,"href":"https:\/\/ceak.org.br\/ee\/wp-json\/wp\/v2\/comments?post=2372"}],"version-history":[{"count":2,"href":"https:\/\/ceak.org.br\/ee\/wp-json\/wp\/v2\/posts\/2372\/revisions"}],"predecessor-version":[{"id":2384,"href":"https:\/\/ceak.org.br\/ee\/wp-json\/wp\/v2\/posts\/2372\/revisions\/2384"}],"wp:featuredmedia":[{"embeddable":true,"href":"https:\/\/ceak.org.br\/ee\/wp-json\/wp\/v2\/media\/2399"}],"wp:attachment":[{"href":"https:\/\/ceak.org.br\/ee\/wp-json\/wp\/v2\/media?parent=2372"}],"wp:term":[{"taxonomy":"category","embeddable":true,"href":"https:\/\/ceak.org.br\/ee\/wp-json\/wp\/v2\/categories?post=2372"},{"taxonomy":"post_tag","embeddable":true,"href":"https:\/\/ceak.org.br\/ee\/wp-json\/wp\/v2\/tags?post=2372"}],"curies":[{"name":"wp","href":"https:\/\/api.w.org\/{rel}","templated":true}]}}