{"id":2492,"date":"2024-07-17T13:46:10","date_gmt":"2024-07-17T16:46:10","guid":{"rendered":"https:\/\/ceak.org.br\/ee\/?p=2492"},"modified":"2024-07-17T13:46:11","modified_gmt":"2024-07-17T16:46:11","slug":"a-potencia-do-ser-adolescente","status":"publish","type":"post","link":"https:\/\/ceak.org.br\/ee\/a-potencia-do-ser-adolescente\/","title":{"rendered":"A pot\u00eancia do Ser Adolescente"},"content":{"rendered":"<p>Provavelmente voc\u00ea j\u00e1 ouviu a express\u00e3o \u201c<em>a crian\u00e7a de hoje \u00e9 o adulto de amanh\u00e3\u201d<\/em>. A for\u00e7a dessa express\u00e3o apresenta a import\u00e2ncia da aten\u00e7\u00e3o a essa peculiar fase de desenvolvimento, que tem seus direitos assegurados no <strong><em>Estatuto da Crian\u00e7a e do Adolescente<\/em><\/strong> (Lei n\u00ba 8.069\/1990).<\/p>\n<p>Completos 34 anos do ECA, outras legisla\u00e7\u00f5es foram necess\u00e1rias, como o <strong><em>Estatuto da Juventude<\/em><\/strong> (Lei n\u00ba 12.852\/2013). Tanto no ECA, quanto no Estatuto da Juventude, destaca-se a cria\u00e7\u00e3o de pol\u00edticas p\u00fablicas que possam efetivar a garantia dos direitos das crian\u00e7as, adolescentes e jovens no Brasil.<\/p>\n<p>O <strong>CEAK Educand\u00e1rio Eur\u00edpedes<\/strong>, enquanto <em>Organiza\u00e7\u00e3o da Sociedade Civil<\/em>, desenvolve atividades voltadas ao p\u00fablico, adolescente, jovens, adultos e idosos. Dentre as atividades, destacamos o <strong><em>Projeto Trampo Jovem<\/em><\/strong>, criado em 2019, inicialmente em parceria com a FEAC, naquela \u00e9poca com o nome de Projeto Trampolim, com o objetivo de \u201ccapacitar adolescentes e jovens na perspectiva da educa\u00e7\u00e3o para e pelo trabalho, com compet\u00eancias de leitura de mundo, protagonismo e empreendedorismo desenvolvidas, para uma inser\u00e7\u00e3o diferenciada no mercado de trabalho\u201d.<\/p>\n<p>Muitos aprendizados foram adquiridos com rela\u00e7\u00e3o \u00e0 pot\u00eancia do ser adolescente, frente aos desafios, descobertas e mudan\u00e7as desta fase de vida. Para al\u00e9m da qualifica\u00e7\u00e3o profissional, durante as atividades passamos a observar e acompanhar in\u00fameras situa\u00e7\u00f5es referentes \u00e0 quest\u00f5es de g\u00eanero, conflitos familiares e pessoais, sonhos, ang\u00fastias, car\u00eancias, vulnerabilidades, descobertas, que levaram a equipe a criar estrat\u00e9gias para garantir o acesso aos direitos sociais, fortalecer v\u00ednculos atrav\u00e9s da conviv\u00eancia e desenvolver as potencialidades e a autonomia dos indiv\u00edduos.<\/p>\n<p>No dia 03\/07 realizamos a cerim\u00f4nia de conclus\u00e3o de mais uma turma do Projeto Trampo Jovem, totalizando mais de 600 jovens atendidos ao longo de 5 anos de exist\u00eancia. O evento contou com a presen\u00e7a das fam\u00edlias e com depoimentos emocionantes dos jovens que conclu\u00edram esta importante etapa de suas vidas. No dia seguinte, realizamos um \u00faltimo encontro de confraterniza\u00e7\u00e3o no Parque Ecol\u00f3gico Monsenhor Em\u00edlio Jos\u00e9 Salim, para fechar o semestre com chave de ouro.<\/p>\n<p>Todo esse trabalho \u00e9 uma conquista coletiva da dedica\u00e7\u00e3o da equipe, do esfor\u00e7o dos jovens e do apoio das fam\u00edlias. Acreditar no potencial dos(as) nossos adolescentes \u00e9 a base para o planejamento de a\u00e7\u00f5es cada vez mais transformadoras.<\/p>\n<p>Agradecemos o apoio de todos que contribu\u00edram e nos apoiaram!<\/p>\n<p>At\u00e9 a pr\u00f3xima turma \ud83d\ude09<\/p>\n<figure class=\"wp-block-gallery columns-3 is-cropped\">\n<ul class=\"blocks-gallery-grid\">\n<li class=\"blocks-gallery-item\">\n<figure><img loading=\"lazy\" width=\"480\" height=\"270\" src=\"https:\/\/ceak.org.br\/ee\/wp-content\/uploads\/2024\/07\/ff231deb-3b39-4a21-a9f9-611ab1d45a76.jpg\" alt=\"\" data-id=\"2493\" data-full-url=\"https:\/\/ceak.org.br\/ee\/wp-content\/uploads\/2024\/07\/ff231deb-3b39-4a21-a9f9-611ab1d45a76.jpg\" data-link=\"https:\/\/ceak.org.br\/ee\/?attachment_id=2493#main\" class=\"wp-image-2493\"\/><\/figure>\n<\/li>\n<li class=\"blocks-gallery-item\">\n<figure><img loading=\"lazy\" width=\"1469\" height=\"979\" src=\"https:\/\/ceak.org.br\/ee\/wp-content\/uploads\/2024\/07\/IMG_1822.jpg\" alt=\"\" data-id=\"2494\" data-full-url=\"https:\/\/ceak.org.br\/ee\/wp-content\/uploads\/2024\/07\/IMG_1822.jpg\" data-link=\"https:\/\/ceak.org.br\/ee\/?attachment_id=2494#main\" class=\"wp-image-2494\" srcset=\"https:\/\/ceak.org.br\/ee\/wp-content\/uploads\/2024\/07\/IMG_1822.jpg 1469w, https:\/\/ceak.org.br\/ee\/wp-content\/uploads\/2024\/07\/IMG_1822-800x533.jpg 800w, https:\/\/ceak.org.br\/ee\/wp-content\/uploads\/2024\/07\/IMG_1822-768x512.jpg 768w, https:\/\/ceak.org.br\/ee\/wp-content\/uploads\/2024\/07\/IMG_1822-600x400.jpg 600w\" sizes=\"(max-width: 1469px) 100vw, 1469px\" \/><\/figure>\n<\/li>\n<li class=\"blocks-gallery-item\">\n<figure><img loading=\"lazy\" width=\"1469\" height=\"979\" src=\"https:\/\/ceak.org.br\/ee\/wp-content\/uploads\/2024\/07\/IMG_1862.jpg\" alt=\"\" data-id=\"2495\" data-full-url=\"https:\/\/ceak.org.br\/ee\/wp-content\/uploads\/2024\/07\/IMG_1862.jpg\" data-link=\"https:\/\/ceak.org.br\/ee\/?attachment_id=2495#main\" class=\"wp-image-2495\" srcset=\"https:\/\/ceak.org.br\/ee\/wp-content\/uploads\/2024\/07\/IMG_1862.jpg 1469w, https:\/\/ceak.org.br\/ee\/wp-content\/uploads\/2024\/07\/IMG_1862-800x533.jpg 800w, https:\/\/ceak.org.br\/ee\/wp-content\/uploads\/2024\/07\/IMG_1862-768x512.jpg 768w, https:\/\/ceak.org.br\/ee\/wp-content\/uploads\/2024\/07\/IMG_1862-600x400.jpg 600w\" sizes=\"(max-width: 1469px) 100vw, 1469px\" \/><\/figure>\n<\/li>\n<li class=\"blocks-gallery-item\">\n<figure><img loading=\"lazy\" width=\"1469\" height=\"979\" src=\"https:\/\/ceak.org.br\/ee\/wp-content\/uploads\/2024\/07\/IMG_2086.jpg\" alt=\"\" data-id=\"2496\" data-full-url=\"https:\/\/ceak.org.br\/ee\/wp-content\/uploads\/2024\/07\/IMG_2086.jpg\" data-link=\"https:\/\/ceak.org.br\/ee\/?attachment_id=2496#main\" class=\"wp-image-2496\" srcset=\"https:\/\/ceak.org.br\/ee\/wp-content\/uploads\/2024\/07\/IMG_2086.jpg 1469w, https:\/\/ceak.org.br\/ee\/wp-content\/uploads\/2024\/07\/IMG_2086-800x533.jpg 800w, https:\/\/ceak.org.br\/ee\/wp-content\/uploads\/2024\/07\/IMG_2086-768x512.jpg 768w, https:\/\/ceak.org.br\/ee\/wp-content\/uploads\/2024\/07\/IMG_2086-600x400.jpg 600w\" sizes=\"(max-width: 1469px) 100vw, 1469px\" \/><\/figure>\n<\/li>\n<li class=\"blocks-gallery-item\">\n<figure><img loading=\"lazy\" width=\"1555\" height=\"875\" src=\"https:\/\/ceak.org.br\/ee\/wp-content\/uploads\/2024\/07\/IMG_20240704_095954.jpg\" alt=\"\" data-id=\"2497\" data-full-url=\"https:\/\/ceak.org.br\/ee\/wp-content\/uploads\/2024\/07\/IMG_20240704_095954.jpg\" data-link=\"https:\/\/ceak.org.br\/ee\/?attachment_id=2497#main\" class=\"wp-image-2497\" srcset=\"https:\/\/ceak.org.br\/ee\/wp-content\/uploads\/2024\/07\/IMG_20240704_095954.jpg 1555w, https:\/\/ceak.org.br\/ee\/wp-content\/uploads\/2024\/07\/IMG_20240704_095954-800x450.jpg 800w, https:\/\/ceak.org.br\/ee\/wp-content\/uploads\/2024\/07\/IMG_20240704_095954-768x432.jpg 768w, https:\/\/ceak.org.br\/ee\/wp-content\/uploads\/2024\/07\/IMG_20240704_095954-1536x864.jpg 1536w, https:\/\/ceak.org.br\/ee\/wp-content\/uploads\/2024\/07\/IMG_20240704_095954-600x338.jpg 600w\" sizes=\"(max-width: 1555px) 100vw, 1555px\" \/><\/figure>\n<\/li>\n<li class=\"blocks-gallery-item\">\n<figure><img loading=\"lazy\" width=\"551\" height=\"980\" src=\"https:\/\/ceak.org.br\/ee\/wp-content\/uploads\/2024\/07\/IMG_20240704_110833.jpg\" alt=\"\" data-id=\"2498\" data-full-url=\"https:\/\/ceak.org.br\/ee\/wp-content\/uploads\/2024\/07\/IMG_20240704_110833.jpg\" data-link=\"https:\/\/ceak.org.br\/ee\/?attachment_id=2498#main\" class=\"wp-image-2498\" srcset=\"https:\/\/ceak.org.br\/ee\/wp-content\/uploads\/2024\/07\/IMG_20240704_110833.jpg 551w, https:\/\/ceak.org.br\/ee\/wp-content\/uploads\/2024\/07\/IMG_20240704_110833-450x800.jpg 450w\" sizes=\"(max-width: 551px) 100vw, 551px\" \/><\/figure>\n<\/li>\n<li class=\"blocks-gallery-item\">\n<figure><img loading=\"lazy\" width=\"1200\" height=\"900\" src=\"https:\/\/ceak.org.br\/ee\/wp-content\/uploads\/2024\/07\/IMG_20240704_120439128_HDR.jpg\" alt=\"\" data-id=\"2499\" data-full-url=\"https:\/\/ceak.org.br\/ee\/wp-content\/uploads\/2024\/07\/IMG_20240704_120439128_HDR.jpg\" data-link=\"https:\/\/ceak.org.br\/ee\/?attachment_id=2499#main\" class=\"wp-image-2499\" srcset=\"https:\/\/ceak.org.br\/ee\/wp-content\/uploads\/2024\/07\/IMG_20240704_120439128_HDR.jpg 1200w, https:\/\/ceak.org.br\/ee\/wp-content\/uploads\/2024\/07\/IMG_20240704_120439128_HDR-800x600.jpg 800w, https:\/\/ceak.org.br\/ee\/wp-content\/uploads\/2024\/07\/IMG_20240704_120439128_HDR-768x576.jpg 768w, https:\/\/ceak.org.br\/ee\/wp-content\/uploads\/2024\/07\/IMG_20240704_120439128_HDR-600x450.jpg 600w\" sizes=\"(max-width: 1200px) 100vw, 1200px\" \/><\/figure>\n<\/li>\n<\/ul>\n<\/figure>\n<p><strong><em>Quer saber mais sobre as atividades do CEAK Educand\u00e1rio Eur\u00edpedes? Entre em contato pelo e-mail adm8.ee.cml@ceak.org.br ou pelo WhatsApp (19) 99433.3657.<\/em><\/strong><\/p>\n<figure class=\"wp-block-image size-large is-resized\"><img loading=\"lazy\" src=\"https:\/\/ceak.org.br\/ee\/wp-content\/uploads\/2023\/04\/2822-Logotipo-01-1600x1146.jpg\" alt=\"\" class=\"wp-image-2128\" width=\"176\" height=\"125\" srcset=\"https:\/\/ceak.org.br\/ee\/wp-content\/uploads\/2023\/04\/2822-Logotipo-01-1600x1146.jpg 1600w, https:\/\/ceak.org.br\/ee\/wp-content\/uploads\/2023\/04\/2822-Logotipo-01-800x573.jpg 800w, https:\/\/ceak.org.br\/ee\/wp-content\/uploads\/2023\/04\/2822-Logotipo-01-768x550.jpg 768w, https:\/\/ceak.org.br\/ee\/wp-content\/uploads\/2023\/04\/2822-Logotipo-01-1536x1101.jpg 1536w, https:\/\/ceak.org.br\/ee\/wp-content\/uploads\/2023\/04\/2822-Logotipo-01-2048x1467.jpg 2048w, https:\/\/ceak.org.br\/ee\/wp-content\/uploads\/2023\/04\/2822-Logotipo-01-600x430.jpg 600w\" sizes=\"(max-width: 176px) 100vw, 176px\" \/><\/figure>\n","protected":false},"excerpt":{"rendered":"<p>Provavelmente voc\u00ea j\u00e1 ouviu a express\u00e3o \u201ca crian\u00e7a de hoje \u00e9 o adulto de amanh\u00e3\u201d. A for\u00e7a dessa express\u00e3o apresenta a import\u00e2ncia da aten\u00e7\u00e3o a essa peculiar fase de desenvolvimento, que tem seus direitos assegurados no Estatuto da Crian\u00e7a e do Adolescente (Lei n\u00ba 8.069\/1990). Completos 34 anos do ECA, outras legisla\u00e7\u00f5es foram necess\u00e1rias, como [&hellip;]\n","protected":false},"author":3,"featured_media":2500,"comment_status":"open","ping_status":"open","sticky":false,"template":"","format":"standard","meta":[],"categories":[22,36,74],"tags":[],"_links":{"self":[{"href":"https:\/\/ceak.org.br\/ee\/wp-json\/wp\/v2\/posts\/2492"}],"collection":[{"href":"https:\/\/ceak.org.br\/ee\/wp-json\/wp\/v2\/posts"}],"about":[{"href":"https:\/\/ceak.org.br\/ee\/wp-json\/wp\/v2\/types\/post"}],"author":[{"embeddable":true,"href":"https:\/\/ceak.org.br\/ee\/wp-json\/wp\/v2\/users\/3"}],"replies":[{"embeddable":true,"href":"https:\/\/ceak.org.br\/ee\/wp-json\/wp\/v2\/comments?post=2492"}],"version-history":[{"count":2,"href":"https:\/\/ceak.org.br\/ee\/wp-json\/wp\/v2\/posts\/2492\/revisions"}],"predecessor-version":[{"id":2502,"href":"https:\/\/ceak.org.br\/ee\/wp-json\/wp\/v2\/posts\/2492\/revisions\/2502"}],"wp:featuredmedia":[{"embeddable":true,"href":"https:\/\/ceak.org.br\/ee\/wp-json\/wp\/v2\/media\/2500"}],"wp:attachment":[{"href":"https:\/\/ceak.org.br\/ee\/wp-json\/wp\/v2\/media?parent=2492"}],"wp:term":[{"taxonomy":"category","embeddable":true,"href":"https:\/\/ceak.org.br\/ee\/wp-json\/wp\/v2\/categories?post=2492"},{"taxonomy":"post_tag","embeddable":true,"href":"https:\/\/ceak.org.br\/ee\/wp-json\/wp\/v2\/tags?post=2492"}],"curies":[{"name":"wp","href":"https:\/\/api.w.org\/{rel}","templated":true}]}}