{"id":2841,"date":"2025-12-09T12:56:31","date_gmt":"2025-12-09T15:56:31","guid":{"rendered":"https:\/\/ceak.org.br\/ee\/?p=2841"},"modified":"2025-12-09T12:56:33","modified_gmt":"2025-12-09T15:56:33","slug":"encerramento-do-projeto-trampo-jovem-uma-jornada-paratransformacao-e-sucesso","status":"publish","type":"post","link":"https:\/\/ceak.org.br\/ee\/encerramento-do-projeto-trampo-jovem-uma-jornada-paratransformacao-e-sucesso\/","title":{"rendered":"Encerramento do Projeto Trampo Jovem: Uma jornada paratransforma\u00e7\u00e3o e sucesso!"},"content":{"rendered":"<figure class=\"wp-block-image size-large\"><img loading=\"lazy\" width=\"1600\" height=\"1200\" src=\"https:\/\/ceak.org.br\/ee\/wp-content\/uploads\/2025\/12\/CAPA-TJ.jpeg\" alt=\"\" class=\"wp-image-2842\" srcset=\"https:\/\/ceak.org.br\/ee\/wp-content\/uploads\/2025\/12\/CAPA-TJ.jpeg 1600w, https:\/\/ceak.org.br\/ee\/wp-content\/uploads\/2025\/12\/CAPA-TJ-800x600.jpeg 800w, https:\/\/ceak.org.br\/ee\/wp-content\/uploads\/2025\/12\/CAPA-TJ-768x576.jpeg 768w, https:\/\/ceak.org.br\/ee\/wp-content\/uploads\/2025\/12\/CAPA-TJ-1536x1152.jpeg 1536w, https:\/\/ceak.org.br\/ee\/wp-content\/uploads\/2025\/12\/CAPA-TJ-600x450.jpeg 600w\" sizes=\"(max-width: 1600px) 100vw, 1600px\" \/><\/figure>\n<p class=\"has-text-align-center\">Depois de meses de aprendizado, trocas e crescimento coletivo, chegamos ao encerramento do Projeto Trampo Jovem. O nosso sentimento \u00e9 de alegria e muita satisfa\u00e7\u00e3o! O Projeto \u00e9 um espa\u00e7o de possibilidades para quem quer dar os primeiros passos na constru\u00e7\u00e3o do seu futuro profissional.<\/p>\n<p class=\"has-text-align-center\">Ao longo do projeto, vimos talentos florescerem, habilidades serem descobertas e sonhos ganharem forma. Foram horas dedicadas \u00e0 produ\u00e7\u00e3o de curr\u00edculos, oficinas de comunica\u00e7\u00e3o, din\u00e2micas de grupo, viv\u00eancias profissionais, simula\u00e7\u00f5es de situa\u00e7\u00f5es em ambiente corporativo, e, principalmente, ao autoconhecimento \u2014 pe\u00e7a fundamental para qualquer trajet\u00f3ria de sucesso.<\/p>\n<p class=\"has-text-align-center\">Em cada encontro, atividade, conversa foi poss\u00edvel ver como houve crescimento individual e coletivo. As experi\u00eancias vividas no projeto fortaleceram as compet\u00eancias essenciais para o ingresso no mundo do trabalho, como a comunica\u00e7\u00e3o e sentimento de equipe.<\/p>\n<p class=\"has-text-align-center\">Os participantes seguem, agora, munidos de ferramentas, confian\u00e7a e prop\u00f3sito para buscar seu espa\u00e7o, assumir novos desafios e construir suas pr\u00f3prias jornadas. E n\u00f3s, enquanto equipe, seguimos orgulhosos de ter contribu\u00eddo para esse momento t\u00e3o importante na vida de cada um.<\/p>\n<p class=\"has-text-align-center\">Nosso agradecimento a todos que acreditaram no projeto, \u00e0 equipe que trabalhou com dedica\u00e7\u00e3o para que cada etapa acontecesse com excel\u00eancia.<\/p>\n<p class=\"has-text-align-center\">Que os pr\u00f3ximos passos sejam de conquistas, descobertas e muitas oportunidades. O Trampo Jovem termina, mas sua marca permanece viva em cada hist\u00f3ria que ajudou a impulsionar.<\/p>\n<p class=\"has-text-align-center\"><strong><em>At\u00e9 breve \u2014 e sigamos trilhando caminhos de futuro!<\/em><\/strong><\/p>\n<p class=\"has-text-align-center\"><strong><br \/>Quer saber mais sobre as atividades do CEAK Educand\u00e1rio Eur\u00edpedes? Entre em contato pelo e-mail adm8.ee.cml@ceak.org.br ou pelo WhatsApp (19) 994336557<\/strong><\/p>\n","protected":false},"excerpt":{"rendered":"<p>Depois de meses de aprendizado, trocas e crescimento coletivo, chegamos ao encerramento do Projeto Trampo Jovem. O nosso sentimento \u00e9 de alegria e muita satisfa\u00e7\u00e3o! O Projeto \u00e9 um espa\u00e7o de possibilidades para quem quer dar os primeiros passos na constru\u00e7\u00e3o do seu futuro profissional. Ao longo do projeto, vimos talentos florescerem, habilidades serem descobertas [&hellip;]\n","protected":false},"author":3,"featured_media":0,"comment_status":"open","ping_status":"open","sticky":false,"template":"","format":"standard","meta":[],"categories":[1],"tags":[],"_links":{"self":[{"href":"https:\/\/ceak.org.br\/ee\/wp-json\/wp\/v2\/posts\/2841"}],"collection":[{"href":"https:\/\/ceak.org.br\/ee\/wp-json\/wp\/v2\/posts"}],"about":[{"href":"https:\/\/ceak.org.br\/ee\/wp-json\/wp\/v2\/types\/post"}],"author":[{"embeddable":true,"href":"https:\/\/ceak.org.br\/ee\/wp-json\/wp\/v2\/users\/3"}],"replies":[{"embeddable":true,"href":"https:\/\/ceak.org.br\/ee\/wp-json\/wp\/v2\/comments?post=2841"}],"version-history":[{"count":3,"href":"https:\/\/ceak.org.br\/ee\/wp-json\/wp\/v2\/posts\/2841\/revisions"}],"predecessor-version":[{"id":2845,"href":"https:\/\/ceak.org.br\/ee\/wp-json\/wp\/v2\/posts\/2841\/revisions\/2845"}],"wp:attachment":[{"href":"https:\/\/ceak.org.br\/ee\/wp-json\/wp\/v2\/media?parent=2841"}],"wp:term":[{"taxonomy":"category","embeddable":true,"href":"https:\/\/ceak.org.br\/ee\/wp-json\/wp\/v2\/categories?post=2841"},{"taxonomy":"post_tag","embeddable":true,"href":"https:\/\/ceak.org.br\/ee\/wp-json\/wp\/v2\/tags?post=2841"}],"curies":[{"name":"wp","href":"https:\/\/api.w.org\/{rel}","templated":true}]}}