{"id":2846,"date":"2025-12-09T13:13:18","date_gmt":"2025-12-09T16:13:18","guid":{"rendered":"https:\/\/ceak.org.br\/ee\/?p=2846"},"modified":"2025-12-09T13:13:19","modified_gmt":"2025-12-09T16:13:19","slug":"encerramento-do-cips-pizzaiolo-uma-jornada-de-sabores-e-descobertas","status":"publish","type":"post","link":"https:\/\/ceak.org.br\/ee\/encerramento-do-cips-pizzaiolo-uma-jornada-de-sabores-e-descobertas\/","title":{"rendered":"Encerramento do CIPs Pizzaiolo: Uma jornada de sabores e descobertas!"},"content":{"rendered":"<figure class=\"wp-block-image size-large\"><img loading=\"lazy\" width=\"1230\" height=\"818\" src=\"https:\/\/ceak.org.br\/ee\/wp-content\/uploads\/2025\/12\/FOTO-CAPA-Pizzaiolo-1.jpg\" alt=\"\" class=\"wp-image-2861\" srcset=\"https:\/\/ceak.org.br\/ee\/wp-content\/uploads\/2025\/12\/FOTO-CAPA-Pizzaiolo-1.jpg 1230w, https:\/\/ceak.org.br\/ee\/wp-content\/uploads\/2025\/12\/FOTO-CAPA-Pizzaiolo-1-800x532.jpg 800w, https:\/\/ceak.org.br\/ee\/wp-content\/uploads\/2025\/12\/FOTO-CAPA-Pizzaiolo-1-768x511.jpg 768w, https:\/\/ceak.org.br\/ee\/wp-content\/uploads\/2025\/12\/FOTO-CAPA-Pizzaiolo-1-600x399.jpg 600w\" sizes=\"(max-width: 1230px) 100vw, 1230px\" \/><\/figure>\n<p class=\"has-text-align-center\">Chegamos ao fim de mais um curso de Pizzaiolo, e n\u00e3o poder\u00edamos estar mais orgulhosos do caminho percorrido por cada participante. Foram dias de aprendizado intenso, m\u00e3os na massa, novas t\u00e9cnicas, muitos sabores e, acima de tudo, for\u00e7a de trabalho coletivo.<\/p>\n<div class=\"wp-block-columns\">\n<div class=\"wp-block-column\">\n<figure class=\"wp-block-image size-large\"><img loading=\"lazy\" width=\"621\" height=\"1280\" src=\"https:\/\/ceak.org.br\/ee\/wp-content\/uploads\/2025\/12\/FOTO-1-Pizzaiolo.jpeg\" alt=\"\" class=\"wp-image-2847\" srcset=\"https:\/\/ceak.org.br\/ee\/wp-content\/uploads\/2025\/12\/FOTO-1-Pizzaiolo.jpeg 621w, https:\/\/ceak.org.br\/ee\/wp-content\/uploads\/2025\/12\/FOTO-1-Pizzaiolo-388x800.jpeg 388w, https:\/\/ceak.org.br\/ee\/wp-content\/uploads\/2025\/12\/FOTO-1-Pizzaiolo-600x1237.jpeg 600w\" sizes=\"(max-width: 621px) 100vw, 621px\" \/><\/figure>\n<\/div>\n<div class=\"wp-block-column\">\n<figure class=\"wp-block-image size-large\"><img loading=\"lazy\" width=\"621\" height=\"1280\" src=\"https:\/\/ceak.org.br\/ee\/wp-content\/uploads\/2025\/12\/FOTO-2-Pizzaiolo.jpeg\" alt=\"\" class=\"wp-image-2850\" srcset=\"https:\/\/ceak.org.br\/ee\/wp-content\/uploads\/2025\/12\/FOTO-2-Pizzaiolo.jpeg 621w, https:\/\/ceak.org.br\/ee\/wp-content\/uploads\/2025\/12\/FOTO-2-Pizzaiolo-388x800.jpeg 388w, https:\/\/ceak.org.br\/ee\/wp-content\/uploads\/2025\/12\/FOTO-2-Pizzaiolo-600x1237.jpeg 600w\" sizes=\"(max-width: 621px) 100vw, 621px\" \/><\/figure>\n<\/div>\n<div class=\"wp-block-column\">\n<figure class=\"wp-block-image size-large\"><img loading=\"lazy\" width=\"621\" height=\"1280\" src=\"https:\/\/ceak.org.br\/ee\/wp-content\/uploads\/2025\/12\/FOTO-3-Pizzaiolo.jpeg\" alt=\"\" class=\"wp-image-2849\" srcset=\"https:\/\/ceak.org.br\/ee\/wp-content\/uploads\/2025\/12\/FOTO-3-Pizzaiolo.jpeg 621w, https:\/\/ceak.org.br\/ee\/wp-content\/uploads\/2025\/12\/FOTO-3-Pizzaiolo-388x800.jpeg 388w, https:\/\/ceak.org.br\/ee\/wp-content\/uploads\/2025\/12\/FOTO-3-Pizzaiolo-600x1237.jpeg 600w\" sizes=\"(max-width: 621px) 100vw, 621px\" \/><\/figure>\n<\/div>\n<\/div>\n<p class=\"has-text-align-center\">Durante o curso, exploramos desde os fundamentos \u2014 como a sele\u00e7\u00e3o de ingredientes, fermenta\u00e7\u00e3o, tipos de farinha e t\u00e9cnicas de abertura \u2014 at\u00e9 pr\u00e1ticas avan\u00e7adas, como a produ\u00e7\u00e3o de massas especiais, como de chocolate e de beterraba. Cada encontro trouxe um novo desafio, e cada participante respondeu com dedica\u00e7\u00e3o, talento e disposi\u00e7\u00e3o.<\/p>\n<div class=\"wp-block-columns\">\n<div class=\"wp-block-column\">\n<figure class=\"wp-block-image size-large\"><img loading=\"lazy\" width=\"621\" height=\"1280\" src=\"https:\/\/ceak.org.br\/ee\/wp-content\/uploads\/2025\/12\/FOTO-4-Pizzaiolo.jpeg\" alt=\"\" class=\"wp-image-2851\" srcset=\"https:\/\/ceak.org.br\/ee\/wp-content\/uploads\/2025\/12\/FOTO-4-Pizzaiolo.jpeg 621w, https:\/\/ceak.org.br\/ee\/wp-content\/uploads\/2025\/12\/FOTO-4-Pizzaiolo-388x800.jpeg 388w, https:\/\/ceak.org.br\/ee\/wp-content\/uploads\/2025\/12\/FOTO-4-Pizzaiolo-600x1237.jpeg 600w\" sizes=\"(max-width: 621px) 100vw, 621px\" \/><\/figure>\n<\/div>\n<div class=\"wp-block-column\">\n<figure class=\"wp-block-image size-large is-resized\"><img loading=\"lazy\" src=\"https:\/\/ceak.org.br\/ee\/wp-content\/uploads\/2025\/12\/FOTO-5-Pizzaiolo.jpeg\" alt=\"\" class=\"wp-image-2852\" width=\"406\" height=\"835\"\/><\/figure>\n<\/div>\n<\/div>\n<div class=\"wp-block-image\">\n<figure class=\"aligncenter size-large is-resized\"><img loading=\"lazy\" src=\"https:\/\/ceak.org.br\/ee\/wp-content\/uploads\/2025\/12\/FOTO-6-Pizzaiolo-2.jpeg\" alt=\"\" class=\"wp-image-2856\" width=\"604\" height=\"808\" srcset=\"https:\/\/ceak.org.br\/ee\/wp-content\/uploads\/2025\/12\/FOTO-6-Pizzaiolo-2.jpeg 956w, https:\/\/ceak.org.br\/ee\/wp-content\/uploads\/2025\/12\/FOTO-6-Pizzaiolo-2-598x800.jpeg 598w, https:\/\/ceak.org.br\/ee\/wp-content\/uploads\/2025\/12\/FOTO-6-Pizzaiolo-2-768x1028.jpeg 768w, https:\/\/ceak.org.br\/ee\/wp-content\/uploads\/2025\/12\/FOTO-6-Pizzaiolo-2-600x803.jpeg 600w\" sizes=\"(max-width: 604px) 100vw, 604px\" \/><\/figure>\n<\/div>\n<p class=\"has-text-align-center\">Al\u00e9m de fazer pizzas, o curso possibilitou grandes aprendizados e muitas conquistas  e rela\u00e7\u00f5es constru\u00eddas, sentimentos m\u00fatuos cultivados, alegrias compartilhadas, afetos trocados e acima de tudo, a certeza de que o trabalho em grupo nos fortalece, a cria\u00e7\u00e3o de v\u00ednculos gera seguran\u00e7a, pertencimento, for\u00e7a e motiva\u00e7\u00e3o.<\/p>\n<div class=\"wp-block-columns\">\n<div class=\"wp-block-column\">\n<figure class=\"wp-block-image size-large\"><img loading=\"lazy\" width=\"1280\" height=\"1280\" src=\"https:\/\/ceak.org.br\/ee\/wp-content\/uploads\/2025\/12\/FOTO-7-Pizzaiolo.jpeg\" alt=\"\" class=\"wp-image-2857\" srcset=\"https:\/\/ceak.org.br\/ee\/wp-content\/uploads\/2025\/12\/FOTO-7-Pizzaiolo.jpeg 1280w, https:\/\/ceak.org.br\/ee\/wp-content\/uploads\/2025\/12\/FOTO-7-Pizzaiolo-800x800.jpeg 800w, https:\/\/ceak.org.br\/ee\/wp-content\/uploads\/2025\/12\/FOTO-7-Pizzaiolo-340x340.jpeg 340w, https:\/\/ceak.org.br\/ee\/wp-content\/uploads\/2025\/12\/FOTO-7-Pizzaiolo-768x768.jpeg 768w, https:\/\/ceak.org.br\/ee\/wp-content\/uploads\/2025\/12\/FOTO-7-Pizzaiolo-300x300.jpeg 300w, https:\/\/ceak.org.br\/ee\/wp-content\/uploads\/2025\/12\/FOTO-7-Pizzaiolo-600x600.jpeg 600w, https:\/\/ceak.org.br\/ee\/wp-content\/uploads\/2025\/12\/FOTO-7-Pizzaiolo-100x100.jpeg 100w\" sizes=\"(max-width: 1280px) 100vw, 1280px\" \/><\/figure>\n<figure class=\"wp-block-image size-large\"><img loading=\"lazy\" width=\"1600\" height=\"720\" src=\"https:\/\/ceak.org.br\/ee\/wp-content\/uploads\/2025\/12\/FOTO-8-Pizzaiolo-1.jpeg\" alt=\"\" class=\"wp-image-2859\" srcset=\"https:\/\/ceak.org.br\/ee\/wp-content\/uploads\/2025\/12\/FOTO-8-Pizzaiolo-1.jpeg 1600w, https:\/\/ceak.org.br\/ee\/wp-content\/uploads\/2025\/12\/FOTO-8-Pizzaiolo-1-800x360.jpeg 800w, https:\/\/ceak.org.br\/ee\/wp-content\/uploads\/2025\/12\/FOTO-8-Pizzaiolo-1-768x346.jpeg 768w, https:\/\/ceak.org.br\/ee\/wp-content\/uploads\/2025\/12\/FOTO-8-Pizzaiolo-1-1536x691.jpeg 1536w, https:\/\/ceak.org.br\/ee\/wp-content\/uploads\/2025\/12\/FOTO-8-Pizzaiolo-1-600x270.jpeg 600w\" sizes=\"(max-width: 1600px) 100vw, 1600px\" \/><\/figure>\n<p class=\"has-text-align-center\">A pizza, que parece simples \u00e0 primeira vista, revelou sua profundidade, e seu poder de unir pessoas ao redor da mesa. E agora, nossos participantes seguem adiante preparados para atuar profissionalmente, empreender ou simplesmente elevar o n\u00edvel das pizzas feitas em casa.<\/p>\n<p class=\"has-text-align-center\">Agradecemos e parabenizamos a todos que participaram dessa jornada! Que este seja apenas o come\u00e7o de uma trajet\u00f3ria cheia de aroma, sabor e novas conquistas na gastronomia.<\/p>\n<p class=\"has-text-align-center\"><strong><em>Parab\u00e9ns aos novos pizzaiolos e at\u00e9 a pr\u00f3xima fornada!<\/em><\/strong><\/p>\n<p class=\"has-text-align-center\"><strong><em>Quer saber mais sobre as atividades do CEAK Educand\u00e1rio Eur\u00edpedes? Entre em contato pelo e-mail adm8.ee.cml@ceak.org.br ou pelo WhatsApp (19) 994336557<\/em><\/strong><\/p>\n<\/div>\n<\/div>\n","protected":false},"excerpt":{"rendered":"<p>Chegamos ao fim de mais um curso de Pizzaiolo, e n\u00e3o poder\u00edamos estar mais orgulhosos do caminho percorrido por cada participante. Foram dias de aprendizado intenso, m\u00e3os na massa, novas t\u00e9cnicas, muitos sabores e, acima de tudo, for\u00e7a de trabalho coletivo. Durante o curso, exploramos desde os fundamentos \u2014 como a sele\u00e7\u00e3o de ingredientes, fermenta\u00e7\u00e3o, [&hellip;]\n","protected":false},"author":3,"featured_media":0,"comment_status":"open","ping_status":"open","sticky":false,"template":"","format":"standard","meta":[],"categories":[1],"tags":[],"_links":{"self":[{"href":"https:\/\/ceak.org.br\/ee\/wp-json\/wp\/v2\/posts\/2846"}],"collection":[{"href":"https:\/\/ceak.org.br\/ee\/wp-json\/wp\/v2\/posts"}],"about":[{"href":"https:\/\/ceak.org.br\/ee\/wp-json\/wp\/v2\/types\/post"}],"author":[{"embeddable":true,"href":"https:\/\/ceak.org.br\/ee\/wp-json\/wp\/v2\/users\/3"}],"replies":[{"embeddable":true,"href":"https:\/\/ceak.org.br\/ee\/wp-json\/wp\/v2\/comments?post=2846"}],"version-history":[{"count":3,"href":"https:\/\/ceak.org.br\/ee\/wp-json\/wp\/v2\/posts\/2846\/revisions"}],"predecessor-version":[{"id":2862,"href":"https:\/\/ceak.org.br\/ee\/wp-json\/wp\/v2\/posts\/2846\/revisions\/2862"}],"wp:attachment":[{"href":"https:\/\/ceak.org.br\/ee\/wp-json\/wp\/v2\/media?parent=2846"}],"wp:term":[{"taxonomy":"category","embeddable":true,"href":"https:\/\/ceak.org.br\/ee\/wp-json\/wp\/v2\/categories?post=2846"},{"taxonomy":"post_tag","embeddable":true,"href":"https:\/\/ceak.org.br\/ee\/wp-json\/wp\/v2\/tags?post=2846"}],"curies":[{"name":"wp","href":"https:\/\/api.w.org\/{rel}","templated":true}]}}