{"id":2911,"date":"2026-04-28T21:19:49","date_gmt":"2026-04-29T00:19:49","guid":{"rendered":"https:\/\/ceak.org.br\/ee\/?p=2911"},"modified":"2026-04-28T23:48:10","modified_gmt":"2026-04-29T02:48:10","slug":"fortalecendo-vinculos-atraves-da-arte","status":"publish","type":"post","link":"https:\/\/ceak.org.br\/ee\/fortalecendo-vinculos-atraves-da-arte\/","title":{"rendered":"Fortalecendo v\u00ednculos atrav\u00e9s da arte"},"content":{"rendered":"<p class=\"has-text-align-center\">O CEAK \u2013 Centro Esp\u00edrita Allan Kardec desenvolve, na Unidade CEAK Educand\u00e1rio Eur\u00edpedes, o <strong>Servi\u00e7o de Conviv\u00eancia e Fortalecimento de V\u00ednculos &#8211; Centro de Conviv\u00eancia Inclusivo e Intergeracional (CCII)<\/strong>, como parte da Prote\u00e7\u00e3o Social B\u00e1sica. O SCFV CCII CEAK EE \u00e9 realizado em parceria com a Secretaria Municipal de Desenvolvimento e Assist\u00eancia Social.<\/p>\n<p class=\"has-text-align-center\">Dentre as a\u00e7\u00f5es desenvolvidas no CCII CEAK EE est\u00e3o as atividades socioeducativas realizadas com o p\u00fablico adulto, as quais ocorrem nas ter\u00e7as, quartas e quintas-feiras, no per\u00edodo da manh\u00e3 e da tarde.<\/p>\n<p class=\"has-text-align-center\">Na quinta-feira, dia <strong>16\/04\/2026<\/strong>, o CCII CEAK EE contou com a participa\u00e7\u00e3o de dois alunos de psicologia da Faculdade Anhanguera Taquaral, integrantes da Projeto de Extens\u00e3o I (Programa de A\u00e7\u00e3o e Difus\u00e3o Cultural), Paulo Victor Campelo Selano e Daniela Moneda. A proposta desenvolvida foi <strong>dialogar sobre os impactos da arte nas quest\u00f5es de sa\u00fade mental<\/strong> (como o stress e ansiedade), conforme um relat\u00f3rio da Organiza\u00e7\u00e3o Mundial da Sa\u00fade (OMS), o Brasil foi considerado o pa\u00eds mais ansioso do mundo, tendo aproximadamente 18,6 milh\u00f5es de pessoas diagnosticadas com ansiedade.<\/p>\n<figure class=\"wp-block-gallery alignwide columns-2 is-cropped\">\n<ul class=\"blocks-gallery-grid\">\n<li class=\"blocks-gallery-item\">\n<figure><img loading=\"lazy\" width=\"1200\" height=\"1600\" src=\"https:\/\/ceak.org.br\/ee\/wp-content\/uploads\/2026\/04\/FOTO-1-CCII-E-ARTE.jpeg\" alt=\"\" data-id=\"2912\" data-full-url=\"https:\/\/ceak.org.br\/ee\/wp-content\/uploads\/2026\/04\/FOTO-1-CCII-E-ARTE.jpeg\" data-link=\"https:\/\/ceak.org.br\/ee\/?attachment_id=2912#main\" class=\"wp-image-2912\" srcset=\"https:\/\/ceak.org.br\/ee\/wp-content\/uploads\/2026\/04\/FOTO-1-CCII-E-ARTE.jpeg 1200w, https:\/\/ceak.org.br\/ee\/wp-content\/uploads\/2026\/04\/FOTO-1-CCII-E-ARTE-600x800.jpeg 600w, https:\/\/ceak.org.br\/ee\/wp-content\/uploads\/2026\/04\/FOTO-1-CCII-E-ARTE-768x1024.jpeg 768w, https:\/\/ceak.org.br\/ee\/wp-content\/uploads\/2026\/04\/FOTO-1-CCII-E-ARTE-1152x1536.jpeg 1152w\" sizes=\"(max-width: 1200px) 100vw, 1200px\" \/><\/figure>\n<\/li>\n<li class=\"blocks-gallery-item\">\n<figure><img loading=\"lazy\" width=\"1200\" height=\"1600\" src=\"https:\/\/ceak.org.br\/ee\/wp-content\/uploads\/2026\/04\/FOTO-2-CCII-E-ARTE.jpeg\" alt=\"\" data-id=\"2913\" data-full-url=\"https:\/\/ceak.org.br\/ee\/wp-content\/uploads\/2026\/04\/FOTO-2-CCII-E-ARTE.jpeg\" data-link=\"https:\/\/ceak.org.br\/ee\/?attachment_id=2913#main\" class=\"wp-image-2913\" srcset=\"https:\/\/ceak.org.br\/ee\/wp-content\/uploads\/2026\/04\/FOTO-2-CCII-E-ARTE.jpeg 1200w, https:\/\/ceak.org.br\/ee\/wp-content\/uploads\/2026\/04\/FOTO-2-CCII-E-ARTE-600x800.jpeg 600w, https:\/\/ceak.org.br\/ee\/wp-content\/uploads\/2026\/04\/FOTO-2-CCII-E-ARTE-768x1024.jpeg 768w, https:\/\/ceak.org.br\/ee\/wp-content\/uploads\/2026\/04\/FOTO-2-CCII-E-ARTE-1152x1536.jpeg 1152w\" sizes=\"(max-width: 1200px) 100vw, 1200px\" \/><\/figure>\n<\/li>\n<\/ul>\n<\/figure>\n<p class=\"has-text-align-center\">Al\u00e9m do <strong>di\u00e1logo e reflex\u00e3o<\/strong> propostos pelos alunos, o grupo pode se expressar atrav\u00e9s do l\u00fadico e da brincadeira, utilizando a arte da modela\u00e7\u00e3o do Biscuit. Durante atividade foi utilizada a massa de biscuit e diversas ferramentas para modelagem. Tamb\u00e9m foi sugerido ao grupo, caso tenham interesse, produzir essa massa de forma caseira, utilizando poucos ingredientes como: amido de milho, cola branca, lim\u00e3o\/vinagre, creme hidratante e corantes.<\/p>\n<p class=\"has-text-align-center\">Durante a execu\u00e7\u00e3o da atividade formaram-se duplas, para juntos modelarem itens que est\u00e3o presentes em uma casa. Cada dupla ficou respons\u00e1vel por um c\u00f4modo, que foram: quarto, banheiro, cozinha e sala. Foi um momento de descontra\u00e7\u00e3o e aprendizado, no qual <strong>os v\u00ednculos se fortaleceram<\/strong> e cada indiv\u00edduo conseguiu expressar de forma \u00fanica e aut\u00eantica as suas habilidades. Alguns apresentaram mais facilidade no manuseio da massa, outros j\u00e1 contaram com o aux\u00edlio do colega para montar seu m\u00f3vel, apenas fornecendo os peda\u00e7os necess\u00e1rios para a montagem.<\/p>\n<figure class=\"wp-block-gallery alignwide columns-2 is-cropped\">\n<ul class=\"blocks-gallery-grid\">\n<li class=\"blocks-gallery-item\">\n<figure><img loading=\"lazy\" width=\"1200\" height=\"1600\" src=\"https:\/\/ceak.org.br\/ee\/wp-content\/uploads\/2026\/04\/FOTO-3-CCII-E-ARTE-1.jpeg\" alt=\"\" data-id=\"2916\" data-full-url=\"https:\/\/ceak.org.br\/ee\/wp-content\/uploads\/2026\/04\/FOTO-3-CCII-E-ARTE-1.jpeg\" data-link=\"https:\/\/ceak.org.br\/ee\/?attachment_id=2916#main\" class=\"wp-image-2916\" srcset=\"https:\/\/ceak.org.br\/ee\/wp-content\/uploads\/2026\/04\/FOTO-3-CCII-E-ARTE-1.jpeg 1200w, https:\/\/ceak.org.br\/ee\/wp-content\/uploads\/2026\/04\/FOTO-3-CCII-E-ARTE-1-600x800.jpeg 600w, https:\/\/ceak.org.br\/ee\/wp-content\/uploads\/2026\/04\/FOTO-3-CCII-E-ARTE-1-768x1024.jpeg 768w, https:\/\/ceak.org.br\/ee\/wp-content\/uploads\/2026\/04\/FOTO-3-CCII-E-ARTE-1-1152x1536.jpeg 1152w\" sizes=\"(max-width: 1200px) 100vw, 1200px\" \/><\/figure>\n<\/li>\n<li class=\"blocks-gallery-item\">\n<figure><img loading=\"lazy\" width=\"1200\" height=\"1600\" src=\"https:\/\/ceak.org.br\/ee\/wp-content\/uploads\/2026\/04\/FOTO-4-CCII-E-ARTE.jpeg\" alt=\"\" data-id=\"2917\" data-full-url=\"https:\/\/ceak.org.br\/ee\/wp-content\/uploads\/2026\/04\/FOTO-4-CCII-E-ARTE.jpeg\" data-link=\"https:\/\/ceak.org.br\/ee\/?attachment_id=2917#main\" class=\"wp-image-2917\" srcset=\"https:\/\/ceak.org.br\/ee\/wp-content\/uploads\/2026\/04\/FOTO-4-CCII-E-ARTE.jpeg 1200w, https:\/\/ceak.org.br\/ee\/wp-content\/uploads\/2026\/04\/FOTO-4-CCII-E-ARTE-600x800.jpeg 600w, https:\/\/ceak.org.br\/ee\/wp-content\/uploads\/2026\/04\/FOTO-4-CCII-E-ARTE-768x1024.jpeg 768w, https:\/\/ceak.org.br\/ee\/wp-content\/uploads\/2026\/04\/FOTO-4-CCII-E-ARTE-1152x1536.jpeg 1152w\" sizes=\"(max-width: 1200px) 100vw, 1200px\" \/><\/figure>\n<\/li>\n<\/ul>\n<\/figure>\n<p class=\"has-text-align-center\">Ao final da atividade coletamos alguns depoimentos, os quais expressam como cada um se sentiu durante a a\u00e7\u00e3o:<\/p>\n<p class=\"has-text-align-center\"><em>\u201cEu gostei muito, adorei, embora eu n\u00e3o tenha muito jeito com modela\u00e7\u00e3o, eu acredito que se vier mais vezes eu vou pegando mais o jeito. E olhando eu at\u00e9 gostei do meu trabalho\u201d<\/em>. <strong>(E.R.Q.S, 59 anos)<\/strong><\/p>\n<p class=\"has-text-align-center\"><em>\u201cAchei muito bom, \u00e9 assim que desenvolve as coisas. Me senti bem fazendo\u201d<\/em> <strong>(H.F.S.S., 64 anos)<\/strong><\/p>\n<p class=\"has-text-align-center\"><em>\u201cEnt\u00e3o hoje a atividade achei maravilhosa, a massa de Biscuit faz a gente voltar a ser crian\u00e7a. E produzir assim coisas maravilhosas, criada assim chegada na hora na nossa mente, assim a gente consegue fazer um trabalho bom e ao mesmo tempo eu senti muita felicidade com isso, porque \u00e9 um retorno que a gente se sente como na inf\u00e2ncia se a gente tivesse at\u00e9 numa escola, fazendo aquela massinha de modelar. Ent\u00e3o \u00e9 muito legal esse trabalho eu amo esse trabalho\u201d<\/em> <strong>(S.M.S.A., 62 anos)<\/strong><\/p>\n<p class=\"has-text-align-center\"><em>\u201cEu n\u00e3o tenho a menor habilidade manual pra qualquer tipo de atividade art\u00edstica \u00e9 o laboral que exige a habilidade com as m\u00e3os ent\u00e3o eu fiquei mais assim s\u00f3 acompanhando e fornecendo o material para o meu parceiro produzir as pe\u00e7as. Eu fico com inveja das pe\u00e7as com habilidades que produziram, eu gostaria de ter essa habilidade, mas infelizmente tenho inveja de uma parceira que ela produziu um fog\u00e3o quase perfeito\u201d<\/em> <strong>(J.A.S.B.,68 anos)<\/strong><\/p>\n<p class=\"has-text-align-center\"><em>\u201cEu gostei bastante da atividade porque inclusive deixou a gente bem \u00e0 vontade quanto a criatividade e acredito que o intuito de relaxar e de distrair um pouco inclusive a hora passou super r\u00e1pido e a gente produziu at\u00e9 que bastante coisa acima at\u00e9 do esperado eu acho\u201d<\/em> <strong>(R.S., 68 anos)<\/strong><\/p>\n<p class=\"has-text-align-center\"><em>\u201cEu achei uma coisa muito legal, uma coisa nova, pra gente t\u00e1 aprendendo a cada dia. Essas coisas s\u00e3o boas para desestressar, pra gente que tem um servi\u00e7o que a gente faz, e depois vem aqui, a gente passa o dia, e eu gostei muito. \u00c9 uma alegria\u201d<\/em> <strong>(A.N.S., 57 anos)<\/strong><\/p>\n<p class=\"has-text-align-center\"><strong><em>Quer saber mais sobre as atividades do CEAK Educand\u00e1rio Eur\u00edpedes? Entre em contato pelo e-mail adm8.ee.cml@ceak.org.br ou pelo WhatsApp <\/em><a href=\"https:\/\/wa.me\/5519994336557\" data-type=\"URL\" data-id=\"https:\/\/wa.me\/5519994336557\" target=\"_blank\" rel=\"noreferrer noopener\"><em>(19) 99433.6557<\/em><\/a><\/strong><\/p>\n","protected":false},"excerpt":{"rendered":"<p>O CEAK \u2013 Centro Esp\u00edrita Allan Kardec desenvolve, na Unidade CEAK Educand\u00e1rio Eur\u00edpedes, o Servi\u00e7o de Conviv\u00eancia e Fortalecimento de V\u00ednculos &#8211; Centro de Conviv\u00eancia Inclusivo e Intergeracional (CCII), como parte da Prote\u00e7\u00e3o Social B\u00e1sica. O SCFV CCII CEAK EE \u00e9 realizado em parceria com a Secretaria Municipal de Desenvolvimento e Assist\u00eancia Social. Dentre as [&hellip;]\n","protected":false},"author":3,"featured_media":2914,"comment_status":"open","ping_status":"open","sticky":false,"template":"","format":"standard","meta":[],"categories":[22,7],"tags":[],"_links":{"self":[{"href":"https:\/\/ceak.org.br\/ee\/wp-json\/wp\/v2\/posts\/2911"}],"collection":[{"href":"https:\/\/ceak.org.br\/ee\/wp-json\/wp\/v2\/posts"}],"about":[{"href":"https:\/\/ceak.org.br\/ee\/wp-json\/wp\/v2\/types\/post"}],"author":[{"embeddable":true,"href":"https:\/\/ceak.org.br\/ee\/wp-json\/wp\/v2\/users\/3"}],"replies":[{"embeddable":true,"href":"https:\/\/ceak.org.br\/ee\/wp-json\/wp\/v2\/comments?post=2911"}],"version-history":[{"count":5,"href":"https:\/\/ceak.org.br\/ee\/wp-json\/wp\/v2\/posts\/2911\/revisions"}],"predecessor-version":[{"id":2925,"href":"https:\/\/ceak.org.br\/ee\/wp-json\/wp\/v2\/posts\/2911\/revisions\/2925"}],"wp:featuredmedia":[{"embeddable":true,"href":"https:\/\/ceak.org.br\/ee\/wp-json\/wp\/v2\/media\/2914"}],"wp:attachment":[{"href":"https:\/\/ceak.org.br\/ee\/wp-json\/wp\/v2\/media?parent=2911"}],"wp:term":[{"taxonomy":"category","embeddable":true,"href":"https:\/\/ceak.org.br\/ee\/wp-json\/wp\/v2\/categories?post=2911"},{"taxonomy":"post_tag","embeddable":true,"href":"https:\/\/ceak.org.br\/ee\/wp-json\/wp\/v2\/tags?post=2911"}],"curies":[{"name":"wp","href":"https:\/\/api.w.org\/{rel}","templated":true}]}}