{"id":2926,"date":"2026-04-28T23:46:58","date_gmt":"2026-04-29T02:46:58","guid":{"rendered":"https:\/\/ceak.org.br\/ee\/?p=2926"},"modified":"2026-04-28T23:46:59","modified_gmt":"2026-04-29T02:46:59","slug":"viva-o-eca","status":"publish","type":"post","link":"https:\/\/ceak.org.br\/ee\/viva-o-eca\/","title":{"rendered":"Viva o ECA!!!"},"content":{"rendered":"<p class=\"has-text-align-center\">O <strong>Estatuto da Crian\u00e7a e do Adolescente (ECA)<\/strong> representa um marco fundamental na garantia dos direitos de crian\u00e7as e adolescentes no Brasil. Mais do que uma legisla\u00e7\u00e3o, o ECA reafirma o compromisso coletivo com a prote\u00e7\u00e3o integral, reconhecendo meninos e meninas como sujeitos de direitos, que devem ser respeitados, ouvidos e protegidos em todas as esferas da sociedade.<\/p>\n<p class=\"has-text-align-center\">Em nosso cotidiano institucional, o ECA \u00e9 uma refer\u00eancia permanente. Ele orienta nossas pr\u00e1ticas, fortalece nossos servi\u00e7os e inspira cada projeto desenvolvido, assegurando que todas as a\u00e7\u00f5es estejam alinhadas com a promo\u00e7\u00e3o da dignidade, do desenvolvimento saud\u00e1vel e da cidadania de crian\u00e7as e adolescentes atendidos. Trabalhar sob essa perspectiva significa ir al\u00e9m do cuidado b\u00e1sico: \u00e9 <strong>garantir oportunidades, acesso, inclus\u00e3o e o pleno exerc\u00edcio de direitos<\/strong>.<\/p>\n<p class=\"has-text-align-center\">Os princ\u00edpios e diretrizes do ECA dialogam diretamente com a Pol\u00edtica de Assist\u00eancia Social, especialmente no que se refere \u00e0 prote\u00e7\u00e3o social b\u00e1sica e especial. Artigos que tratam do direito \u00e0 conviv\u00eancia familiar e comunit\u00e1ria, \u00e0 educa\u00e7\u00e3o, \u00e0 prote\u00e7\u00e3o contra qualquer forma de neglig\u00eancia, discrimina\u00e7\u00e3o, explora\u00e7\u00e3o e viol\u00eancia, est\u00e3o alinhados com os objetivos do Sistema \u00danico de Assist\u00eancia Social (SUAS). Nesse sentido, os servi\u00e7os socioassistenciais atuam como instrumentos concretos de efetiva\u00e7\u00e3o desses direitos, promovendo o fortalecimento de v\u00ednculos familiares e comunit\u00e1rios, a preven\u00e7\u00e3o de situa\u00e7\u00f5es de risco e a garantia de acesso a direitos fundamentais.<\/p>\n<p class=\"has-text-align-center\">Nesse contexto, destacamos a import\u00e2ncia das parcerias e do apoio de institui\u00e7\u00f5es que compartilham desses mesmos valores. Recebemos com grande gratid\u00e3o a <strong>doa\u00e7\u00e3o dos 2016 exemplares do ECA realizada pela Paulus<\/strong>, que contribui significativamente para o fortalecimento de nossas atividades e para a amplia\u00e7\u00e3o do acesso a conte\u00fados educativos e formativos de qualidade. Os exemplares foram distribu\u00eddos entre as Unidades do CEAK: Educand\u00e1rio Eur\u00edpedes Creche M\u00e3e Luiza (CEAK EE CML), Centro de Apoio a Vida (CEAK CAVI) e Instituto Popular Humberto de Campo (CEAK IPHC). <\/p>\n<p class=\"has-text-align-center\">Na Unidade CEAK EE CML os exemplares foram distribu\u00eddos durante atividades socioeducativas da \u00c1rea de Assist\u00eancia Social nos servi\u00e7os: Centro de Conviv\u00eancia Inclusivo e Intergeracional, Projeto Andorinhas e Cursos de Inicia\u00e7\u00e3o Profissional. Em rodas de conversas e din\u00e2micas, a equipe utilizou deste recurso para ampliar a divulga\u00e7\u00e3o sobre os direitos e deveres estabelecidos no Estatuto da Crian\u00e7a e do Adolescente.<\/p>\n<figure class=\"wp-block-gallery alignwide columns-2 is-cropped\">\n<ul class=\"blocks-gallery-grid\">\n<li class=\"blocks-gallery-item\">\n<figure><img loading=\"lazy\" width=\"1200\" height=\"1600\" src=\"https:\/\/ceak.org.br\/ee\/wp-content\/uploads\/2026\/04\/FOTO-1-ECA.jpeg\" alt=\"\" data-id=\"2928\" data-full-url=\"https:\/\/ceak.org.br\/ee\/wp-content\/uploads\/2026\/04\/FOTO-1-ECA.jpeg\" data-link=\"https:\/\/ceak.org.br\/ee\/?attachment_id=2928#main\" class=\"wp-image-2928\" srcset=\"https:\/\/ceak.org.br\/ee\/wp-content\/uploads\/2026\/04\/FOTO-1-ECA.jpeg 1200w, https:\/\/ceak.org.br\/ee\/wp-content\/uploads\/2026\/04\/FOTO-1-ECA-600x800.jpeg 600w, https:\/\/ceak.org.br\/ee\/wp-content\/uploads\/2026\/04\/FOTO-1-ECA-768x1024.jpeg 768w, https:\/\/ceak.org.br\/ee\/wp-content\/uploads\/2026\/04\/FOTO-1-ECA-1152x1536.jpeg 1152w\" sizes=\"(max-width: 1200px) 100vw, 1200px\" \/><\/figure>\n<\/li>\n<li class=\"blocks-gallery-item\">\n<figure><img loading=\"lazy\" width=\"1000\" height=\"1333\" src=\"https:\/\/ceak.org.br\/ee\/wp-content\/uploads\/2026\/04\/FOTO-2-ECA.jpg\" alt=\"\" data-id=\"2929\" data-full-url=\"https:\/\/ceak.org.br\/ee\/wp-content\/uploads\/2026\/04\/FOTO-2-ECA.jpg\" data-link=\"https:\/\/ceak.org.br\/ee\/?attachment_id=2929#main\" class=\"wp-image-2929\" srcset=\"https:\/\/ceak.org.br\/ee\/wp-content\/uploads\/2026\/04\/FOTO-2-ECA.jpg 1000w, https:\/\/ceak.org.br\/ee\/wp-content\/uploads\/2026\/04\/FOTO-2-ECA-600x800.jpg 600w, https:\/\/ceak.org.br\/ee\/wp-content\/uploads\/2026\/04\/FOTO-2-ECA-768x1024.jpg 768w\" sizes=\"(max-width: 1000px) 100vw, 1000px\" \/><\/figure>\n<\/li>\n<\/ul>\n<\/figure>\n<p class=\"has-text-align-center\">Conforme citou uma das participantes do CIPs Auxiliar de Padeiro e Confeiteiro \u201c<em>Ap\u00f3s conhecer o ECA, percebi que ele \u00e9 muito importante para garantir os direitos das crian\u00e7as e adolescentes, como sa\u00fade, alimenta\u00e7\u00e3o e seguran\u00e7a. Antes, eu nem imaginava que existiam leis espec\u00edficas para isso. Tamb\u00e9m entendi que ele protege contra abusos e viol\u00eancia, ajudando quem muitas vezes n\u00e3o consegue se defender. Al\u00e9m disso, o ECA mostra que cuidar das crian\u00e7as n\u00e3o \u00e9 s\u00f3 responsabilidade da fam\u00edlia, mas de toda a sociedade. Por isso, \u00e9 importante que mais pessoas conhe\u00e7am essa lei, pois ela contribui para um futuro melhor<\/em>\u201d <strong>(R.A.P.)<\/strong><\/p>\n<figure class=\"wp-block-gallery alignwide columns-2 is-cropped\">\n<ul class=\"blocks-gallery-grid\">\n<li class=\"blocks-gallery-item\">\n<figure><img loading=\"lazy\" width=\"1101\" height=\"1468\" src=\"https:\/\/ceak.org.br\/ee\/wp-content\/uploads\/2026\/04\/FOTO-3-ECA-1.jpeg\" alt=\"\" data-id=\"2932\" data-full-url=\"https:\/\/ceak.org.br\/ee\/wp-content\/uploads\/2026\/04\/FOTO-3-ECA-1.jpeg\" data-link=\"https:\/\/ceak.org.br\/ee\/?attachment_id=2932#main\" class=\"wp-image-2932\" srcset=\"https:\/\/ceak.org.br\/ee\/wp-content\/uploads\/2026\/04\/FOTO-3-ECA-1.jpeg 1101w, https:\/\/ceak.org.br\/ee\/wp-content\/uploads\/2026\/04\/FOTO-3-ECA-1-600x800.jpeg 600w, https:\/\/ceak.org.br\/ee\/wp-content\/uploads\/2026\/04\/FOTO-3-ECA-1-768x1024.jpeg 768w\" sizes=\"(max-width: 1101px) 100vw, 1101px\" \/><\/figure>\n<\/li>\n<li class=\"blocks-gallery-item\">\n<figure><img loading=\"lazy\" width=\"966\" height=\"1288\" src=\"https:\/\/ceak.org.br\/ee\/wp-content\/uploads\/2026\/04\/FOTO-4-ECA.jpg\" alt=\"\" data-id=\"2933\" data-full-url=\"https:\/\/ceak.org.br\/ee\/wp-content\/uploads\/2026\/04\/FOTO-4-ECA.jpg\" data-link=\"https:\/\/ceak.org.br\/ee\/?attachment_id=2933#main\" class=\"wp-image-2933\" srcset=\"https:\/\/ceak.org.br\/ee\/wp-content\/uploads\/2026\/04\/FOTO-4-ECA.jpg 966w, https:\/\/ceak.org.br\/ee\/wp-content\/uploads\/2026\/04\/FOTO-4-ECA-600x800.jpg 600w, https:\/\/ceak.org.br\/ee\/wp-content\/uploads\/2026\/04\/FOTO-4-ECA-768x1024.jpg 768w\" sizes=\"(max-width: 966px) 100vw, 966px\" \/><\/figure>\n<\/li>\n<\/ul>\n<\/figure>\n<p class=\"has-text-align-center\">Acreditamos que iniciativas como essa refor\u00e7am a rede de prote\u00e7\u00e3o e demonstram que <strong>a garantia de direitos \u00e9 uma responsabilidade coletiva<\/strong>. Cada apoio recebido se transforma em mais oportunidades, mais conhecimento e mais caminhos para que crian\u00e7as e adolescentes possam se desenvolver de forma plena e segura.<\/p>\n<p class=\"has-text-align-center\">Seguimos comprometidos com a miss\u00e3o de promover e defender direitos, certos de que, com colabora\u00e7\u00e3o, responsabilidade e sensibilidade social, \u00e9 poss\u00edvel construir um futuro mais justo e humano para todos.<\/p>\n<p class=\"has-text-align-center\"><em><strong>Quer saber mais sobre as atividades do CEAK Educand\u00e1rio Eur\u00edpedes? Entre em contato pelo e-mail adm8.ee.cml@ceak.org.br ou pelo WhatsApp <a href=\"https:\/\/wa.me\/5519994336557\" data-type=\"URL\" data-id=\"https:\/\/wa.me\/5519994336557\">(19) 99433.6557<\/a><\/strong><\/em><\/p>\n","protected":false},"excerpt":{"rendered":"<p>O Estatuto da Crian\u00e7a e do Adolescente (ECA) representa um marco fundamental na garantia dos direitos de crian\u00e7as e adolescentes no Brasil. Mais do que uma legisla\u00e7\u00e3o, o ECA reafirma o compromisso coletivo com a prote\u00e7\u00e3o integral, reconhecendo meninos e meninas como sujeitos de direitos, que devem ser respeitados, ouvidos e protegidos em todas as [&hellip;]\n","protected":false},"author":3,"featured_media":2927,"comment_status":"open","ping_status":"open","sticky":false,"template":"","format":"standard","meta":[],"categories":[22,38],"tags":[],"_links":{"self":[{"href":"https:\/\/ceak.org.br\/ee\/wp-json\/wp\/v2\/posts\/2926"}],"collection":[{"href":"https:\/\/ceak.org.br\/ee\/wp-json\/wp\/v2\/posts"}],"about":[{"href":"https:\/\/ceak.org.br\/ee\/wp-json\/wp\/v2\/types\/post"}],"author":[{"embeddable":true,"href":"https:\/\/ceak.org.br\/ee\/wp-json\/wp\/v2\/users\/3"}],"replies":[{"embeddable":true,"href":"https:\/\/ceak.org.br\/ee\/wp-json\/wp\/v2\/comments?post=2926"}],"version-history":[{"count":3,"href":"https:\/\/ceak.org.br\/ee\/wp-json\/wp\/v2\/posts\/2926\/revisions"}],"predecessor-version":[{"id":2936,"href":"https:\/\/ceak.org.br\/ee\/wp-json\/wp\/v2\/posts\/2926\/revisions\/2936"}],"wp:featuredmedia":[{"embeddable":true,"href":"https:\/\/ceak.org.br\/ee\/wp-json\/wp\/v2\/media\/2927"}],"wp:attachment":[{"href":"https:\/\/ceak.org.br\/ee\/wp-json\/wp\/v2\/media?parent=2926"}],"wp:term":[{"taxonomy":"category","embeddable":true,"href":"https:\/\/ceak.org.br\/ee\/wp-json\/wp\/v2\/categories?post=2926"},{"taxonomy":"post_tag","embeddable":true,"href":"https:\/\/ceak.org.br\/ee\/wp-json\/wp\/v2\/tags?post=2926"}],"curies":[{"name":"wp","href":"https:\/\/api.w.org\/{rel}","templated":true}]}}