{"id":588,"date":"2020-03-31T11:00:18","date_gmt":"2020-03-31T14:00:18","guid":{"rendered":"https:\/\/ceak.org.br\/ee\/?p=588"},"modified":"2020-03-31T11:10:31","modified_gmt":"2020-03-31T14:10:31","slug":"foi-necessario","status":"publish","type":"post","link":"https:\/\/ceak.org.br\/ee\/foi-necessario\/","title":{"rendered":"Mensagem Virtual 1: Foi Necess\u00e1rio"},"content":{"rendered":"<p>A partir de hoje vamos postar alguns textos e propor algumas atividades para nossa intera\u00e7\u00e3o (<strong>de casa<\/strong>).<\/p>\n<p>Leia o texto e as mensagens que vamos postar e comente, diga o que voc\u00ea achou, se gostou, o que tem de mais relevante. Voc\u00ea tamb\u00e9m pode sugerir outros textos para nossas pr\u00f3ximas intera\u00e7\u00f5es. <strong>Deixe o seu coment\u00e1rio<\/strong>! Participe! Vamos interagir!<\/p>\n<p><strong>A pergunta de hoje \u00e9: o que voc\u00ea est\u00e1 aprendendo com tudo isso que est\u00e1 acontecendo e o que voc\u00ea vai fazer diferente daqui para frente?<\/strong><\/p>\n<p><strong>Leia o texto de Augusto Cury:\u00a0<\/strong><\/p>\n<p><strong>FOI NECESS\u00c1RIO<\/strong><\/p>\n<p><strong>Foi necess\u00e1rio um v\u00edrus para desacelerar o planeta.<\/strong> E ele veio por uma bofetada na nossa cara<br \/>\nFoi necess\u00e1rio um v\u00edrus para olharmos com cuidado, zelo e percebermos a fragilidade dos nossos idosos<br \/>\nFoi necess\u00e1rio um v\u00edrus para os pais ficarem com seus filhos e n\u00e3o atribu\u00edrem essa responsabilidade aos av\u00f3s<br \/>\n<strong>Foi necess\u00e1rio um v\u00edrus para lembrarmos de conversar com Deus<\/strong>, pois isso andava meio fora de moda<br \/>\nFoi necess\u00e1rio um v\u00edrus para fazer a gente rezar, para fazermos ora\u00e7\u00f5es para o mundo e n\u00e3o s\u00f3 para n\u00f3s<br \/>\nFoi necess\u00e1rio um v\u00edrus para voltarmos a ter f\u00e9<br \/>\nFoi necess\u00e1rio um v\u00edrus para mostrar que classe social, ra\u00e7a, cren\u00e7a, orienta\u00e7\u00e3o sexual n\u00e3o tem diferen\u00e7a diante de uma epidemia<br \/>\n<strong>O v\u00edrus fez a gente perceber que somos um, que o individualismo n\u00e3o resolve nada, que precisamos de todos<\/strong><br \/>\nO v\u00edrus deu uma tr\u00e9gua na polaridade, afinal estamos todos no mesmo barco, olhando na mesma dire\u00e7\u00e3o<br \/>\n<strong>O v\u00edrus nos privou do abra\u00e7o para percebermos o quanto ele \u00e9 valioso<\/strong><br \/>\nO v\u00edrus fez a gente perceber o quanto nossas m\u00e3os precisam ser higienizadas e que com esse h\u00e1bito evitar\u00edamos muitas doen\u00e7as<br \/>\n<strong>O v\u00edrus desacelerou at\u00e9 o consumismo<\/strong>, pois as pessoas n\u00e3o v\u00e3o sair por a\u00ed comprando, comprando e comprando! Sairemos de casa para comprar apenas o necess\u00e1rio.<br \/>\nO v\u00edrus fez cair os pedidos de fast-foof delivery pois percebemos que cozinhar para nossa fam\u00edlia \u00e9 a forma mais segura de aliment\u00e1-los. ( isso andava meio fora de moda)<br \/>\nO v\u00edrus veio nos mostrar que o ar pode ficar mais puro com a diminui\u00e7\u00e3o de carros circulando, e mostrar que as pessoas podem caminhar mais. (est\u00e3o evitando o transporte p\u00fablico)<br \/>\n<strong>O v\u00edrus veio nos ensinar a agradecer todos os dias por estarmos saud\u00e1veis<\/strong><br \/>\nO v\u00edrus veio nos lembrar o quanto a vida \u00e9 fr\u00e1gil e que precisamos cuidar do nosso corpo e da nossa alma<br \/>\nO v\u00edrus veio nos mostrar que n\u00e3o devemos subestimar as coisas pequenas. Afinal, ele \u00e9 t\u00e3o pequeno, invis\u00edvel aos olhos e est\u00e1 mudando o comportamento do mundo<br \/>\n<strong>Foi necess\u00e1rio um v\u00edrus para a gente acordar<\/strong><br \/>\n<strong>E aquele tempo que sempre diz\u00edamos que n\u00e3o t\u00ednhamos? Ent\u00e3o, o v\u00edrus nos mostrou que ele existe.<\/strong><\/p>\n<p style=\"text-align: right;\"><em>Augusto Cury<\/em><\/p>\n<p style=\"text-align: center;\"><strong>Comente tamb\u00e9m pelas nossas redes sociais e compartilhe com seus amigos<\/strong><\/p>\n<p style=\"text-align: center;\"><a href=\"https:\/\/www.facebook.com\/educandarioeuripedes\/\">facebook.com\/educandarioeuripedes<\/a><\/p>\n","protected":false},"excerpt":{"rendered":"<p>A partir de hoje vamos postar alguns textos e propor algumas atividades para nossa intera\u00e7\u00e3o (de casa). Leia o texto e as mensagens que vamos postar e comente, diga o que voc\u00ea achou, se gostou, o que tem de mais relevante. Voc\u00ea tamb\u00e9m pode sugerir outros textos para nossas pr\u00f3ximas intera\u00e7\u00f5es. Deixe o seu coment\u00e1rio! [&hellip;]\n","protected":false},"author":3,"featured_media":589,"comment_status":"open","ping_status":"open","sticky":false,"template":"","format":"standard","meta":[],"categories":[22,20,28,15],"tags":[12,9,29,27,10],"_links":{"self":[{"href":"https:\/\/ceak.org.br\/ee\/wp-json\/wp\/v2\/posts\/588"}],"collection":[{"href":"https:\/\/ceak.org.br\/ee\/wp-json\/wp\/v2\/posts"}],"about":[{"href":"https:\/\/ceak.org.br\/ee\/wp-json\/wp\/v2\/types\/post"}],"author":[{"embeddable":true,"href":"https:\/\/ceak.org.br\/ee\/wp-json\/wp\/v2\/users\/3"}],"replies":[{"embeddable":true,"href":"https:\/\/ceak.org.br\/ee\/wp-json\/wp\/v2\/comments?post=588"}],"version-history":[{"count":5,"href":"https:\/\/ceak.org.br\/ee\/wp-json\/wp\/v2\/posts\/588\/revisions"}],"predecessor-version":[{"id":594,"href":"https:\/\/ceak.org.br\/ee\/wp-json\/wp\/v2\/posts\/588\/revisions\/594"}],"wp:featuredmedia":[{"embeddable":true,"href":"https:\/\/ceak.org.br\/ee\/wp-json\/wp\/v2\/media\/589"}],"wp:attachment":[{"href":"https:\/\/ceak.org.br\/ee\/wp-json\/wp\/v2\/media?parent=588"}],"wp:term":[{"taxonomy":"category","embeddable":true,"href":"https:\/\/ceak.org.br\/ee\/wp-json\/wp\/v2\/categories?post=588"},{"taxonomy":"post_tag","embeddable":true,"href":"https:\/\/ceak.org.br\/ee\/wp-json\/wp\/v2\/tags?post=588"}],"curies":[{"name":"wp","href":"https:\/\/api.w.org\/{rel}","templated":true}]}}