{"id":925,"date":"2020-09-08T22:36:19","date_gmt":"2020-09-09T01:36:19","guid":{"rendered":"https:\/\/ceak.org.br\/ee\/?p=925"},"modified":"2020-09-09T21:28:29","modified_gmt":"2020-09-10T00:28:29","slug":"atividade-virtual-3-ccii-desenho-de-personagem","status":"publish","type":"post","link":"https:\/\/ceak.org.br\/ee\/atividade-virtual-3-ccii-desenho-de-personagem\/","title":{"rendered":"Atividade Virtual 3 CCII \u2013 Desenho de Personagem"},"content":{"rendered":"<p>Recentemente tivemos um encontro virtual com o tema Festa Julina!<\/p>\n<p>A cultura popular brasileira \u00e9 muito rica e, principalmente pelo fato de o pa\u00eds ser muito grande, temos muitas regi\u00f5es, cada uma com a sua cultura e costumes. Recentemente um desenho animado brasileiro ganhou o pr\u00eamio de Melhor Anima\u00e7\u00e3o ibero-americana, ser\u00e1 que voc\u00ea consegue adivinhar qual foi?<\/p>\n<p>\u00c9 o desenho <strong><em>Irm\u00e3o do Jorel<\/em><\/strong>! Tem um epis\u00f3dio s\u00f3 sobre festa junina, exaltando v\u00e1rias caracter\u00edsticas dessa nossa festividade e voc\u00ea pode assistir nesse link. <a href=\"https:\/\/www.youtube.com\/watch?v=QqHJJKU4f2s\">CLIQUE AQUI!<\/a><\/p>\n<p>E a\u00ed? Conseguiu se identificar com alguma situa\u00e7\u00e3o ali? As festas juninas ou quermesses que voc\u00ea frequentou tinham alguma coisa parecida com essa do <em>Irm\u00e3o do Jorel<\/em>?<\/p>\n<p>O irm\u00e3o do Jorel passa por algumas situa\u00e7\u00f5es que muitos de n\u00f3s passamos em festas populares quando somos crian\u00e7as: n\u00e3o gostar de alguma comida da festa, ficar nervoso porque gosta de algu\u00e9m, se divertir com os amigos na festa.<\/p>\n<p>Que tal voc\u00ea buscar na sua mem\u00f3ria alguma situa\u00e7\u00e3o que te marcou em alguma festa popular que voc\u00ea j\u00e1 frequentou, s\u00e3o sempre momentos importantes para n\u00f3s, n\u00e9? Caso voc\u00ea n\u00e3o lembre, que tal conversar com a sua fam\u00edlia e ver se algu\u00e9m tem alguma hist\u00f3ria pra contar sobre uma Festa Junina, um Carnaval ou at\u00e9 uma Virada Cultural.<\/p>\n<p>Voc\u00ea pode escrever essa hist\u00f3ria do seu jeito e tornar ela divertida! Pra isso ficar mais f\u00e1cil, voc\u00ea pode primeiro definir quais s\u00e3o os personagens e falar sobre as caracter\u00edsticas deles (f\u00edsicas e psicol\u00f3gicas): ele \u00e9 alto ou baixo? Magro ou gordo? S\u00e9rio ou engra\u00e7ado? \u00c9 apaixonado por algu\u00e9m? Onde trabalha?<\/p>\n<p>Apenas algumas caracter\u00edsticas s\u00e3o o suficiente pra voc\u00ea montar um personagem bem bacana e o mais legal \u00e9 que voc\u00ea pode se basear na hist\u00f3ria real para fazer isso, ou seja, voc\u00ea mesmo pode ser o personagem, ou seus amigos e fam\u00edlia.<\/p>\n<p>Depois que a hist\u00f3ria estiver pronta, por que voc\u00ea n\u00e3o tenta desenhar seu personagem principal? Pode usar a imagina\u00e7\u00e3o, o personagem \u00c9 SEU! Tudo bem se n\u00e3o ficar parecido com o real ou se voc\u00ea decidir que quer mudar algumas caracter\u00edsticas. O importante \u00e9 voc\u00ea se sentir \u00e0 vontade para criar a pessoa (monstro, E.T, animal?) que participou da hist\u00f3ria que voc\u00ea escreveu e que voc\u00ea ache que aquele desenho tem a ver com o personagem que voc\u00ea imagina quando a hist\u00f3ria se passa pela sua cabe\u00e7a.<\/p>\n<p>DICA: Voc\u00ea pode tentar explorar seu personagem tamb\u00e9m! Desenhando ele com v\u00e1rias express\u00f5es e em diferentes posi\u00e7\u00f5es, olha esse exemplo:<\/p>\n<p><img loading=\"lazy\" class=\"aligncenter wp-image-927\" src=\"https:\/\/ceak.org.br\/ee\/wp-content\/uploads\/2020\/09\/Personagem-1-340x340.png\" alt=\"Personagem\" width=\"356\" height=\"356\" srcset=\"https:\/\/ceak.org.br\/ee\/wp-content\/uploads\/2020\/09\/Personagem-1-340x340.png 340w, https:\/\/ceak.org.br\/ee\/wp-content\/uploads\/2020\/09\/Personagem-1-180x180.png 180w, https:\/\/ceak.org.br\/ee\/wp-content\/uploads\/2020\/09\/Personagem-1-300x300.png 300w\" sizes=\"(max-width: 356px) 100vw, 356px\" \/><\/p>\n<p>EXTRA: Se interessou sobre cultura popular? Para saber um pouco mais sobre esse assunto voc\u00ea pode acessar essa p\u00e1gina <strong><a href=\"https:\/\/www.todoestudo.com.br\/sociologia\/cultura-popular\">AQUI<\/a>!<\/strong><\/p>\n<p>E aqui tamb\u00e9m um v\u00eddeo legal se voc\u00ea quiser saber MAIS sobre cria\u00e7\u00e3o de personagens (lembrando que n\u00e3o existem regras fixas, mas sim muitas maneiras de criar um personagem e essa \u00e9 apenas uma delas): <a href=\"https:\/\/www.youtube.com\/watch?v=mwiFH74r1Fk\">CLIQUE AQUI!<\/a><\/p>\n<p><u>\u00a0<\/u><\/p>\n<p>Cr\u00e9ditos:<\/p>\n<p>Desenho animado: <strong>Irm\u00e3o do Jorel<\/strong><\/p>\n<p>Criador: Juliano Enrico<\/p>\n<p>N\u00famero de temporadas: 3<\/p>\n<p>Emissora original: Cartoon Network<\/p>\n<p>Personagens: Danubio, D\u00e9bora, Nico, Tosh, Rose, Rambozo, Lara, MAIS<\/p>\n<p>Pr\u00eamios: Grande Pr\u00eamio do Cinema Brasileiro &#8211; Melhor S\u00e9rie Brasileira de Anima\u00e7\u00e3o<\/p>\n","protected":false},"excerpt":{"rendered":"<p>Recentemente tivemos um encontro virtual com o tema Festa Julina! A cultura popular brasileira \u00e9 muito rica e, principalmente pelo fato de o pa\u00eds ser muito grande, temos muitas regi\u00f5es, cada uma com a sua cultura e costumes. Recentemente um desenho animado brasileiro ganhou o pr\u00eamio de Melhor Anima\u00e7\u00e3o ibero-americana, ser\u00e1 que voc\u00ea consegue adivinhar [&hellip;]\n","protected":false},"author":3,"featured_media":930,"comment_status":"open","ping_status":"open","sticky":false,"template":"","format":"standard","meta":[],"categories":[36,20,15],"tags":[],"_links":{"self":[{"href":"https:\/\/ceak.org.br\/ee\/wp-json\/wp\/v2\/posts\/925"}],"collection":[{"href":"https:\/\/ceak.org.br\/ee\/wp-json\/wp\/v2\/posts"}],"about":[{"href":"https:\/\/ceak.org.br\/ee\/wp-json\/wp\/v2\/types\/post"}],"author":[{"embeddable":true,"href":"https:\/\/ceak.org.br\/ee\/wp-json\/wp\/v2\/users\/3"}],"replies":[{"embeddable":true,"href":"https:\/\/ceak.org.br\/ee\/wp-json\/wp\/v2\/comments?post=925"}],"version-history":[{"count":1,"href":"https:\/\/ceak.org.br\/ee\/wp-json\/wp\/v2\/posts\/925\/revisions"}],"predecessor-version":[{"id":929,"href":"https:\/\/ceak.org.br\/ee\/wp-json\/wp\/v2\/posts\/925\/revisions\/929"}],"wp:featuredmedia":[{"embeddable":true,"href":"https:\/\/ceak.org.br\/ee\/wp-json\/wp\/v2\/media\/930"}],"wp:attachment":[{"href":"https:\/\/ceak.org.br\/ee\/wp-json\/wp\/v2\/media?parent=925"}],"wp:term":[{"taxonomy":"category","embeddable":true,"href":"https:\/\/ceak.org.br\/ee\/wp-json\/wp\/v2\/categories?post=925"},{"taxonomy":"post_tag","embeddable":true,"href":"https:\/\/ceak.org.br\/ee\/wp-json\/wp\/v2\/tags?post=925"}],"curies":[{"name":"wp","href":"https:\/\/api.w.org\/{rel}","templated":true}]}}