{"id":940,"date":"2020-09-18T10:18:47","date_gmt":"2020-09-18T13:18:47","guid":{"rendered":"https:\/\/ceak.org.br\/ee\/?p=940"},"modified":"2021-01-09T13:05:09","modified_gmt":"2021-01-09T16:05:09","slug":"cadastro-para-educacao-infantil-2021","status":"publish","type":"post","link":"https:\/\/ceak.org.br\/ee\/cadastro-para-educacao-infantil-2021\/","title":{"rendered":"CADASTRO PARA EDUCA\u00c7\u00c3O INFANTIL &#8211; 2021 &#8211; Resolu\u00e7\u00e3o SME n\u00ba 004\/2020"},"content":{"rendered":"<p><strong><u>Cadastro on-line: o Pr\u00e9-cadastro<\/u><\/strong>\u00a0dever\u00e1 ser preenchimento no Sistema Informatizado da SME, no site:\u00a0<a href=\"https:\/\/precadastroinfantil.campinas.sp.gov.br\/\">https:\/\/precadastroinfantil.campinas.sp.gov.br<\/a><\/p>\n<p>O respons\u00e1vel dever\u00e1 preencher o cadastro e anexando c\u00f3pias digitalizadas (pode ser foto leg\u00edvel do original) dos documentos comprobat\u00f3rios. No ato receber\u00e1 um protocolo de atendimento.<\/p>\n<p><strong><u>Cadastro presencial<\/u><\/strong><strong>\u00a0\u2013 Marcar\u00a0<\/strong>dia e hor\u00e1rio pelo telefone (19) 9 9429-2783, das 10h \u00e0s 14h30.<\/p>\n<p>O CADASTRO DEVER\u00c1 SER REALIZADO PELO RESPONS\u00c1VEL LEGAL (PAI\/M\u00c3E OU GUARDI\u00c3O) DA CRIAN\u00c7A.<\/p>\n<p><strong>DOCUMENTOS COMPROBAT\u00d3RIOS PARA CADASTRO ONLINE OU PRESENCIAL\u00a0<u>(ORIGINAIS)<\/u><\/strong><\/p>\n<p><strong>\u00a0<\/strong>Art. 12 O demandante de vaga dever\u00e1 apresentar os seguintes documentos originais no ato do cadastro:<\/p>\n<p>I \u2013 Certid\u00e3o de nascimento da crian\u00e7a;<img loading=\"lazy\" class=\"alignright wp-image-387\" src=\"https:\/\/ceak.org.br\/ee\/wp-content\/uploads\/2017\/02\/cropped-favicon-educandario-340x340.png\" alt=\"cropped-favicon-educandario.png\" width=\"248\" height=\"248\" srcset=\"https:\/\/ceak.org.br\/ee\/wp-content\/uploads\/2017\/02\/cropped-favicon-educandario-340x340.png 340w, https:\/\/ceak.org.br\/ee\/wp-content\/uploads\/2017\/02\/cropped-favicon-educandario-180x180.png 180w, https:\/\/ceak.org.br\/ee\/wp-content\/uploads\/2017\/02\/cropped-favicon-educandario-300x300.png 300w, https:\/\/ceak.org.br\/ee\/wp-content\/uploads\/2017\/02\/cropped-favicon-educandario-270x270.png 270w, https:\/\/ceak.org.br\/ee\/wp-content\/uploads\/2017\/02\/cropped-favicon-educandario-192x192.png 192w, https:\/\/ceak.org.br\/ee\/wp-content\/uploads\/2017\/02\/cropped-favicon-educandario-32x32.png 32w, https:\/\/ceak.org.br\/ee\/wp-content\/uploads\/2017\/02\/cropped-favicon-educandario.png 512w\" sizes=\"(max-width: 248px) 100vw, 248px\" \/><\/p>\n<p>II \u2013 C\u00e9dula de identidade, RG, ou outro documento com foto do respons\u00e1vel legal;<\/p>\n<p>III \u2013 Comprovante de guarda ou tutela, quando for o caso;<\/p>\n<p>IV \u2013 Comprovante de resid\u00eancia no Munic\u00edpio de Campinas, preferencialmente, conta de \u00e1gua;<\/p>\n<p>V \u2013 Comprovante de trabalho da m\u00e3e\/pai (Carteira Profissional ou Declara\u00e7\u00e3o de Trabalho);<\/p>\n<p>VI \u2013 Comprovante de renda (holerite) de todos que residem com a crian\u00e7a.<\/p>\n<ul>\n<li>1\u00ba Os benefici\u00e1rios do programa Bolsa Fam\u00edlia dever\u00e3o, al\u00e9m dos documentos indicados nos incisos deste artigo, apresentar o cart\u00e3o Bolsa Fam\u00edlia do respons\u00e1vel legal, com o N\u00famero de identifica\u00e7\u00e3o Social, NIS;<\/li>\n<\/ul>\n<ul>\n<li>2\u00ba Para a crian\u00e7a e\/ou respons\u00e1vel legal p\u00fablico alvo da Educa\u00e7\u00e3o Especial, al\u00e9m, dos documentos comprobat\u00f3rios indicados acima, apresentar laudo, relat\u00f3rio m\u00e9dico ou Cart\u00e3o Acessibilidade.<\/li>\n<\/ul>\n<p style=\"text-align: center;\"><strong>SEM A DOCUMENTA\u00c7\u00c3O N\u00c3O SER\u00c1 POSS\u00cdVEL PREENCHER O CADASTRO!<\/strong><\/p>\n<p style=\"text-align: center;\"><span style=\"color: #f99b1c;\"><strong>ASSISTA AO V\u00cdDEO DE COMO PREENCHER O PR\u00c9-CADASTRO. <a href=\"https:\/\/transfer.ima.sp.gov.br\/f.php?h=0gARUSBk&amp;p=1\">CLIQUE AQUI!<\/a><\/strong><\/span><\/p>\n","protected":false},"excerpt":{"rendered":"<p>Cadastro on-line: o Pr\u00e9-cadastro\u00a0dever\u00e1 ser preenchimento no Sistema Informatizado da SME, no site:\u00a0https:\/\/precadastroinfantil.campinas.sp.gov.br O respons\u00e1vel dever\u00e1 preencher o cadastro e anexando c\u00f3pias digitalizadas (pode ser foto leg\u00edvel do original) dos documentos comprobat\u00f3rios. No ato receber\u00e1 um protocolo de atendimento. Cadastro presencial\u00a0\u2013 Marcar\u00a0dia e hor\u00e1rio pelo telefone (19) 9 9429-2783, das 10h \u00e0s 14h30. O CADASTRO [&hellip;]\n","protected":false},"author":3,"featured_media":1118,"comment_status":"open","ping_status":"open","sticky":false,"template":"","format":"standard","meta":[],"categories":[1],"tags":[],"_links":{"self":[{"href":"https:\/\/ceak.org.br\/ee\/wp-json\/wp\/v2\/posts\/940"}],"collection":[{"href":"https:\/\/ceak.org.br\/ee\/wp-json\/wp\/v2\/posts"}],"about":[{"href":"https:\/\/ceak.org.br\/ee\/wp-json\/wp\/v2\/types\/post"}],"author":[{"embeddable":true,"href":"https:\/\/ceak.org.br\/ee\/wp-json\/wp\/v2\/users\/3"}],"replies":[{"embeddable":true,"href":"https:\/\/ceak.org.br\/ee\/wp-json\/wp\/v2\/comments?post=940"}],"version-history":[{"count":5,"href":"https:\/\/ceak.org.br\/ee\/wp-json\/wp\/v2\/posts\/940\/revisions"}],"predecessor-version":[{"id":1120,"href":"https:\/\/ceak.org.br\/ee\/wp-json\/wp\/v2\/posts\/940\/revisions\/1120"}],"wp:featuredmedia":[{"embeddable":true,"href":"https:\/\/ceak.org.br\/ee\/wp-json\/wp\/v2\/media\/1118"}],"wp:attachment":[{"href":"https:\/\/ceak.org.br\/ee\/wp-json\/wp\/v2\/media?parent=940"}],"wp:term":[{"taxonomy":"category","embeddable":true,"href":"https:\/\/ceak.org.br\/ee\/wp-json\/wp\/v2\/categories?post=940"},{"taxonomy":"post_tag","embeddable":true,"href":"https:\/\/ceak.org.br\/ee\/wp-json\/wp\/v2\/tags?post=940"}],"curies":[{"name":"wp","href":"https:\/\/api.w.org\/{rel}","templated":true}]}}