{"id":965,"date":"2020-09-20T15:20:24","date_gmt":"2020-09-20T18:20:24","guid":{"rendered":"https:\/\/ceak.org.br\/ee\/?p=965"},"modified":"2020-09-20T15:20:24","modified_gmt":"2020-09-20T18:20:24","slug":"atividade-virtual-5-ccii-do-que-voce-tem-medo","status":"publish","type":"post","link":"https:\/\/ceak.org.br\/ee\/atividade-virtual-5-ccii-do-que-voce-tem-medo\/","title":{"rendered":"Atividade Virtual 5 CCII \u2013 Do que voc\u00ea tem medo?"},"content":{"rendered":"<p>Ol\u00e1, pessoal!<\/p>\n<p>Nossa reflex\u00e3o dessa semana \u00e9: <strong>Voc\u00ea tem medo do qu\u00ea?<\/strong><\/p>\n<p>Produzimos um material para refletir sobre o medo. O medo, a ang\u00fastia e a ansiedade s\u00e3o sentimentos pelos quais todos n\u00f3s, seres humanos, passamos e olhando para eles muitas vezes associamos as mesmas cores, as mesmas composi\u00e7\u00f5es e os mesmos movimentos.<\/p>\n<p>Voc\u00ea lembra de ter sentido alguma dessas coisas? Ang\u00fastia, medo, p\u00e2nico, ansiedade?<\/p>\n<p>\u00c9 normal, todos n\u00f3s passamos por isso! E esses sentimentos n\u00e3o duram para sempre! Mas se a gente aceitar que est\u00e3o ali e tentar entend\u00ea-los melhor, podemos torn\u00e1-los mais f\u00e1ceis de se conviver.<\/p>\n<p><strong><a href=\"https:\/\/drive.google.com\/file\/d\/1BO6dAKF9xHf_67pxoyqBe3sK6tl1oYar\/view?usp=sharing\" target=\"_blank\">CLIQUE AQUI<\/a><\/strong> e acessa nossa atividade! Contamos com sua participa\u00e7\u00e3o!<\/p>\n<p style=\"text-align: right;\"><em>Equipe CCII Educand\u00e1rio Eur\u00edpedes<\/em><\/p>\n","protected":false},"excerpt":{"rendered":"<p>Ol\u00e1, pessoal! Nossa reflex\u00e3o dessa semana \u00e9: Voc\u00ea tem medo do qu\u00ea? Produzimos um material para refletir sobre o medo. O medo, a ang\u00fastia e a ansiedade s\u00e3o sentimentos pelos quais todos n\u00f3s, seres humanos, passamos e olhando para eles muitas vezes associamos as mesmas cores, as mesmas composi\u00e7\u00f5es e os mesmos movimentos. Voc\u00ea lembra [&hellip;]\n","protected":false},"author":3,"featured_media":966,"comment_status":"open","ping_status":"open","sticky":false,"template":"","format":"standard","meta":[],"categories":[22,20],"tags":[24,29,27],"_links":{"self":[{"href":"https:\/\/ceak.org.br\/ee\/wp-json\/wp\/v2\/posts\/965"}],"collection":[{"href":"https:\/\/ceak.org.br\/ee\/wp-json\/wp\/v2\/posts"}],"about":[{"href":"https:\/\/ceak.org.br\/ee\/wp-json\/wp\/v2\/types\/post"}],"author":[{"embeddable":true,"href":"https:\/\/ceak.org.br\/ee\/wp-json\/wp\/v2\/users\/3"}],"replies":[{"embeddable":true,"href":"https:\/\/ceak.org.br\/ee\/wp-json\/wp\/v2\/comments?post=965"}],"version-history":[{"count":1,"href":"https:\/\/ceak.org.br\/ee\/wp-json\/wp\/v2\/posts\/965\/revisions"}],"predecessor-version":[{"id":967,"href":"https:\/\/ceak.org.br\/ee\/wp-json\/wp\/v2\/posts\/965\/revisions\/967"}],"wp:featuredmedia":[{"embeddable":true,"href":"https:\/\/ceak.org.br\/ee\/wp-json\/wp\/v2\/media\/966"}],"wp:attachment":[{"href":"https:\/\/ceak.org.br\/ee\/wp-json\/wp\/v2\/media?parent=965"}],"wp:term":[{"taxonomy":"category","embeddable":true,"href":"https:\/\/ceak.org.br\/ee\/wp-json\/wp\/v2\/categories?post=965"},{"taxonomy":"post_tag","embeddable":true,"href":"https:\/\/ceak.org.br\/ee\/wp-json\/wp\/v2\/tags?post=965"}],"curies":[{"name":"wp","href":"https:\/\/api.w.org\/{rel}","templated":true}]}}