{"id":993,"date":"2020-09-23T12:37:28","date_gmt":"2020-09-23T15:37:28","guid":{"rendered":"https:\/\/ceak.org.br\/ee\/?p=993"},"modified":"2020-09-23T12:37:28","modified_gmt":"2020-09-23T15:37:28","slug":"atividade-virtual-6-ccii-igual-e-diferente","status":"publish","type":"post","link":"https:\/\/ceak.org.br\/ee\/atividade-virtual-6-ccii-igual-e-diferente\/","title":{"rendered":"Atividade Virtual 6 CCII \u2013 Igual e Diferente!"},"content":{"rendered":"<p>Oi Pessoal! Esperamos que estejam bem e se cuidando.<\/p>\n<p>Hoje, trazemos uma proposta de atividade para refletirmos nossas concep\u00e7\u00f5es enquanto seres humanos em conv\u00edvio social.<\/p>\n<p>Reservem um tempinho para assistir nosso v\u00eddeo e depois fa\u00e7am\u00a0uma breve reflex\u00e3o sobre ele. Para facilitar nossa linha de racioc\u00ednio, responda as seguintes perguntas:<\/p>\n<ul>\n<li>Quais as diferen\u00e7as em nossa sociedade?<\/li>\n<li>Por que encontramos tantas dificuldades para compreender e respeitar as particularidades de cada um?<\/li>\n<li>Ap\u00f3s assistir o v\u00eddeo e pensar junto a essas perguntas, fa\u00e7a um breve relato sobre seus sentimentos perante isso.<\/li>\n<\/ul>\n<p><a href=\"https:\/\/drive.google.com\/file\/d\/1Bya8mejGRlGo1eUR6iFTpcfShx8MM4ql\/view?usp=sharing\" target=\"_blank\"><strong>CLIQUE AQUI<\/strong><\/a> para assistir ao v\u00eddeo!<\/p>\n<p>Pode ser em forma de texto, foto, v\u00eddeo; qualquer registro \u00e9 v\u00e1lido!\u00a0Depois, manda para meio de comunica\u00e7\u00e3o\u00a0do educand\u00e1rio.<\/p>\n<p>Espero que estejam bem, se cuidando e n\u00e3o esquecendo que todos n\u00f3s podemos nos unir para viver melhor!<\/p>\n<p style=\"text-align: right;\"><em>Equipe CCII<\/em><\/p>\n","protected":false},"excerpt":{"rendered":"<p>Oi Pessoal! Esperamos que estejam bem e se cuidando. Hoje, trazemos uma proposta de atividade para refletirmos nossas concep\u00e7\u00f5es enquanto seres humanos em conv\u00edvio social. Reservem um tempinho para assistir nosso v\u00eddeo e depois fa\u00e7am\u00a0uma breve reflex\u00e3o sobre ele. Para facilitar nossa linha de racioc\u00ednio, responda as seguintes perguntas: Quais as diferen\u00e7as em nossa sociedade? [&hellip;]\n","protected":false},"author":3,"featured_media":994,"comment_status":"open","ping_status":"open","sticky":false,"template":"","format":"standard","meta":[],"categories":[22,20,15],"tags":[24,12,9,29,27],"_links":{"self":[{"href":"https:\/\/ceak.org.br\/ee\/wp-json\/wp\/v2\/posts\/993"}],"collection":[{"href":"https:\/\/ceak.org.br\/ee\/wp-json\/wp\/v2\/posts"}],"about":[{"href":"https:\/\/ceak.org.br\/ee\/wp-json\/wp\/v2\/types\/post"}],"author":[{"embeddable":true,"href":"https:\/\/ceak.org.br\/ee\/wp-json\/wp\/v2\/users\/3"}],"replies":[{"embeddable":true,"href":"https:\/\/ceak.org.br\/ee\/wp-json\/wp\/v2\/comments?post=993"}],"version-history":[{"count":1,"href":"https:\/\/ceak.org.br\/ee\/wp-json\/wp\/v2\/posts\/993\/revisions"}],"predecessor-version":[{"id":995,"href":"https:\/\/ceak.org.br\/ee\/wp-json\/wp\/v2\/posts\/993\/revisions\/995"}],"wp:featuredmedia":[{"embeddable":true,"href":"https:\/\/ceak.org.br\/ee\/wp-json\/wp\/v2\/media\/994"}],"wp:attachment":[{"href":"https:\/\/ceak.org.br\/ee\/wp-json\/wp\/v2\/media?parent=993"}],"wp:term":[{"taxonomy":"category","embeddable":true,"href":"https:\/\/ceak.org.br\/ee\/wp-json\/wp\/v2\/categories?post=993"},{"taxonomy":"post_tag","embeddable":true,"href":"https:\/\/ceak.org.br\/ee\/wp-json\/wp\/v2\/tags?post=993"}],"curies":[{"name":"wp","href":"https:\/\/api.w.org\/{rel}","templated":true}]}}