{"id":479,"date":"2018-10-22T09:20:18","date_gmt":"2018-10-22T11:20:18","guid":{"rendered":"http:\/\/ceak.org.br\/iphc\/?p=479"},"modified":"2018-10-29T08:14:50","modified_gmt":"2018-10-29T11:14:50","slug":"iphc-ganham-festa-especial-no-dia-das-criancas","status":"publish","type":"post","link":"https:\/\/ceak.org.br\/iphc\/iphc-ganham-festa-especial-no-dia-das-criancas\/","title":{"rendered":"Cores, surpresas e muita divers\u00e3o para as crian\u00e7as do IPHC"},"content":{"rendered":"<p style=\"text-align: right;\"><strong><em>Por: Felipe Guines<\/em><\/strong><\/p>\n<p style=\"text-align: right;\"><strong><em>Fotos: Camila Mour\u00e3o<\/em><\/strong><\/p>\n<p>\u201c<strong>Numa folha qualquer eu desenho um Sol amarelo<\/strong>\u201d&#8230; com inspira\u00e7\u00e3o nos vibrantes tons da aquarela, com todos os rabiscos e cores da imagina\u00e7\u00e3o, o <strong>Dia das Crian\u00e7as<\/strong> teve ainda mais emo\u00e7\u00e3o com uma <strong>surpresa realizada por 42 empresas patrocinadoras<\/strong>, num projeto idealizado por Gabriela do <a href=\"https:\/\/www.instagram.com\/relicariotoparty\/\">@relicariotoparty<\/a> e Milena do <a href=\"https:\/\/www.instagram.com\/upandjoin\/\">@upandjoin<\/a>, que realizaram uma festa completa para <strong>mais de 220 crian\u00e7as do Instituto Popular Humberto de Campos (IPHC).<\/strong><\/p>\n<p>Entre brigadeiros, lanches, guloseimas e aquele sabor de inf\u00e2ncia, as crian\u00e7as e adultos do Instituto ficaram encantados com a colorida decora\u00e7\u00e3o, toda inspirada na can\u00e7\u00e3o cl\u00e1ssica de Toquinho, \u201cAquarela\u201d. Personagens sa\u00eddos direto do cinema, como Homem Aranha, Mickey e Minnie tamb\u00e9m garantiam o sorriso geral, mesmo em que n\u00e3o era mais t\u00e3o crian\u00e7a.<\/p>\n<p>\u201cN\u00f3s nunca tivemos uma festa parecida com essa. Hoje at\u00e9 os volunt\u00e1rios voltaram a ser crian\u00e7as! Ningu\u00e9m fazia ideia do que ia acontecer aqui, est\u00e3o todos ansiosos\u201d, disse Beth Casotti, Gerente de Assist\u00eancia Social e Educa\u00e7\u00e3o um pouco antes da chegada das crian\u00e7as, emocionando a todos que estavam presentes.<\/p>\n<p>Emo\u00e7\u00e3o, que por sinal, n\u00e3o faltou para Milena e Gabriela, que entraram em contato com IPHC com a ideia da celebra\u00e7\u00e3o no fim de setembro. \u201cN\u00f3s chegamos com uma proposta bem menor, mas as coisas foram acontecendo e conforme a gente foi buscando ajuda de outros parceiros, as pessoas come\u00e7aram a se mobilizar e nos procurar com ideias, querendo contribuir. Tivemos at\u00e9 alguns doadores an\u00f4nimos na campanha online, o que foi uma surpresa!\u201d, conta Milena.<\/p>\n<p>\u201cNosso prazo era apertado, mas todos os parceiros contribu\u00edram com o processo criativo, ajudando na proposta, sem sair do tema que a gente tinha imaginado. Em uma \u00e9poca t\u00e3o turbulenta foi uma surpresa ver como as pessoas ainda est\u00e3o dispostas a ajudar\u201d, completou Gabriela, ainda emocionada com a chegada das crian\u00e7as ao local.<\/p>\n<p>Como recorda\u00e7\u00e3o dessa tarde t\u00e3o especial, as crian\u00e7as do IPHC levaram para casa um kit com doces e brincadeiras, brindes realizados pelo financiamento de uma campanha online que mobilizou at\u00e9 doadores de outras cidades e estados brasileiros, mostrando que para deixar as crian\u00e7as felizes n\u00e3o h\u00e1 fronteiras!<\/p>\n<p><strong>Agradecemos a todos os volunt\u00e1rios, parceiros e patrocinadores que transformaram os rabiscos iniciais em uma linda aquarela de emo\u00e7\u00f5es, que ficar\u00e1 na mem\u00f3ria de todos os meninos e meninas do IPHC!<\/strong><\/p>\n<p>Confira mais sobre a festa que aconteceu no dia <strong>10 de outubro!<\/strong><\/p>\n<p>&nbsp;<\/p>\n\n\t\t<style type=\"text\/css\">\n\t\t\t#gallery-1 {\n\t\t\t\tmargin: auto;\n\t\t\t}\n\t\t\t#gallery-1 .gallery-item {\n\t\t\t\tfloat: left;\n\t\t\t\tmargin-top: 10px;\n\t\t\t\ttext-align: center;\n\t\t\t\twidth: 33%;\n\t\t\t}\n\t\t\t#gallery-1 img {\n\t\t\t\tborder: 2px solid #cfcfcf;\n\t\t\t}\n\t\t\t#gallery-1 .gallery-caption {\n\t\t\t\tmargin-left: 0;\n\t\t\t}\n\t\t\t\/* see gallery_shortcode() in wp-includes\/media.php *\/\n\t\t<\/style>\n\t\t<div id='gallery-1' class='gallery galleryid-479 gallery-columns-3 gallery-size-medium'><dl class='gallery-item'>\n\t\t\t<dt class='gallery-icon landscape'>\n\t\t\t\t<a href='https:\/\/ceak.org.br\/iphc\/iphc-ganham-festa-especial-no-dia-das-criancas\/43950881_503264596838886_8632050122181574656_n-2\/#main'><img width=\"800\" height=\"533\" src=\"https:\/\/ceak.org.br\/iphc\/wp-content\/uploads\/2018\/10\/43950881_503264596838886_8632050122181574656_n-1-800x533.jpg\" class=\"attachment-medium size-medium\" alt=\"\" loading=\"lazy\" srcset=\"https:\/\/ceak.org.br\/iphc\/wp-content\/uploads\/2018\/10\/43950881_503264596838886_8632050122181574656_n-1-800x533.jpg 800w, https:\/\/ceak.org.br\/iphc\/wp-content\/uploads\/2018\/10\/43950881_503264596838886_8632050122181574656_n-1-768x512.jpg 768w, https:\/\/ceak.org.br\/iphc\/wp-content\/uploads\/2018\/10\/43950881_503264596838886_8632050122181574656_n-1.jpg 960w\" sizes=\"(max-width: 800px) 100vw, 800px\" \/><\/a>\n\t\t\t<\/dt><\/dl><dl class='gallery-item'>\n\t\t\t<dt class='gallery-icon landscape'>\n\t\t\t\t<a href='https:\/\/ceak.org.br\/iphc\/iphc-ganham-festa-especial-no-dia-das-criancas\/44060579_505317033300309_6892785334501769216_n-2\/#main'><img width=\"800\" height=\"533\" src=\"https:\/\/ceak.org.br\/iphc\/wp-content\/uploads\/2018\/10\/44060579_505317033300309_6892785334501769216_n-1-800x533.jpg\" class=\"attachment-medium size-medium\" alt=\"\" loading=\"lazy\" srcset=\"https:\/\/ceak.org.br\/iphc\/wp-content\/uploads\/2018\/10\/44060579_505317033300309_6892785334501769216_n-1-800x533.jpg 800w, https:\/\/ceak.org.br\/iphc\/wp-content\/uploads\/2018\/10\/44060579_505317033300309_6892785334501769216_n-1-768x512.jpg 768w, https:\/\/ceak.org.br\/iphc\/wp-content\/uploads\/2018\/10\/44060579_505317033300309_6892785334501769216_n-1.jpg 960w\" sizes=\"(max-width: 800px) 100vw, 800px\" \/><\/a>\n\t\t\t<\/dt><\/dl><dl class='gallery-item'>\n\t\t\t<dt class='gallery-icon landscape'>\n\t\t\t\t<a href='https:\/\/ceak.org.br\/iphc\/iphc-ganham-festa-especial-no-dia-das-criancas\/44091728_503264166838929_4156496249001869312_n-2\/#main'><img width=\"800\" height=\"533\" src=\"https:\/\/ceak.org.br\/iphc\/wp-content\/uploads\/2018\/10\/44091728_503264166838929_4156496249001869312_n-1-800x533.jpg\" class=\"attachment-medium size-medium\" alt=\"\" loading=\"lazy\" aria-describedby=\"gallery-1-496\" srcset=\"https:\/\/ceak.org.br\/iphc\/wp-content\/uploads\/2018\/10\/44091728_503264166838929_4156496249001869312_n-1-800x533.jpg 800w, https:\/\/ceak.org.br\/iphc\/wp-content\/uploads\/2018\/10\/44091728_503264166838929_4156496249001869312_n-1-768x512.jpg 768w, https:\/\/ceak.org.br\/iphc\/wp-content\/uploads\/2018\/10\/44091728_503264166838929_4156496249001869312_n-1.jpg 960w\" sizes=\"(max-width: 800px) 100vw, 800px\" \/><\/a>\n\t\t\t<\/dt>\n\t\t\t\t<dd class='wp-caption-text gallery-caption' id='gallery-1-496'>\n\t\t\t\tDel\u00edcias de crian\u00e7a\n\t\t\t\t<\/dd><\/dl><br style=\"clear: both\" \/><dl class='gallery-item'>\n\t\t\t<dt class='gallery-icon landscape'>\n\t\t\t\t<a href='https:\/\/ceak.org.br\/iphc\/iphc-ganham-festa-especial-no-dia-das-criancas\/44108507_503264790172200_6929368895266488320_n-2\/#main'><img width=\"800\" height=\"533\" src=\"https:\/\/ceak.org.br\/iphc\/wp-content\/uploads\/2018\/10\/44108507_503264790172200_6929368895266488320_n-1-800x533.jpg\" class=\"attachment-medium size-medium\" alt=\"\" loading=\"lazy\" aria-describedby=\"gallery-1-497\" srcset=\"https:\/\/ceak.org.br\/iphc\/wp-content\/uploads\/2018\/10\/44108507_503264790172200_6929368895266488320_n-1-800x533.jpg 800w, https:\/\/ceak.org.br\/iphc\/wp-content\/uploads\/2018\/10\/44108507_503264790172200_6929368895266488320_n-1-768x512.jpg 768w, https:\/\/ceak.org.br\/iphc\/wp-content\/uploads\/2018\/10\/44108507_503264790172200_6929368895266488320_n-1.jpg 960w\" sizes=\"(max-width: 800px) 100vw, 800px\" \/><\/a>\n\t\t\t<\/dt>\n\t\t\t\t<dd class='wp-caption-text gallery-caption' id='gallery-1-497'>\n\t\t\t\tAo som especial e inspira\u00e7\u00e3o da can\u00e7\u00e3o &#8220;Aquarela&#8221;, de Toquinho\n\t\t\t\t<\/dd><\/dl><dl class='gallery-item'>\n\t\t\t<dt class='gallery-icon landscape'>\n\t\t\t\t<a href='https:\/\/ceak.org.br\/iphc\/iphc-ganham-festa-especial-no-dia-das-criancas\/44113597_503264330172246_7127831564418809856_n-2\/#main'><img width=\"800\" height=\"533\" src=\"https:\/\/ceak.org.br\/iphc\/wp-content\/uploads\/2018\/10\/44113597_503264330172246_7127831564418809856_n-1-800x533.jpg\" class=\"attachment-medium size-medium\" alt=\"\" loading=\"lazy\" aria-describedby=\"gallery-1-498\" srcset=\"https:\/\/ceak.org.br\/iphc\/wp-content\/uploads\/2018\/10\/44113597_503264330172246_7127831564418809856_n-1-800x533.jpg 800w, https:\/\/ceak.org.br\/iphc\/wp-content\/uploads\/2018\/10\/44113597_503264330172246_7127831564418809856_n-1-768x512.jpg 768w, https:\/\/ceak.org.br\/iphc\/wp-content\/uploads\/2018\/10\/44113597_503264330172246_7127831564418809856_n-1.jpg 960w\" sizes=\"(max-width: 800px) 100vw, 800px\" \/><\/a>\n\t\t\t<\/dt>\n\t\t\t\t<dd class='wp-caption-text gallery-caption' id='gallery-1-498'>\n\t\t\t\tOs tons da aquarela\n\t\t\t\t<\/dd><\/dl><dl class='gallery-item'>\n\t\t\t<dt class='gallery-icon landscape'>\n\t\t\t\t<a href='https:\/\/ceak.org.br\/iphc\/iphc-ganham-festa-especial-no-dia-das-criancas\/44161326_503264820172197_5062852442878640128_n-2\/#main'><img width=\"800\" height=\"533\" src=\"https:\/\/ceak.org.br\/iphc\/wp-content\/uploads\/2018\/10\/44161326_503264820172197_5062852442878640128_n-1-800x533.jpg\" class=\"attachment-medium size-medium\" alt=\"\" loading=\"lazy\" srcset=\"https:\/\/ceak.org.br\/iphc\/wp-content\/uploads\/2018\/10\/44161326_503264820172197_5062852442878640128_n-1-800x533.jpg 800w, https:\/\/ceak.org.br\/iphc\/wp-content\/uploads\/2018\/10\/44161326_503264820172197_5062852442878640128_n-1-768x512.jpg 768w, https:\/\/ceak.org.br\/iphc\/wp-content\/uploads\/2018\/10\/44161326_503264820172197_5062852442878640128_n-1.jpg 960w\" sizes=\"(max-width: 800px) 100vw, 800px\" \/><\/a>\n\t\t\t<\/dt><\/dl><br style=\"clear: both\" \/><dl class='gallery-item'>\n\t\t\t<dt class='gallery-icon landscape'>\n\t\t\t\t<a href='https:\/\/ceak.org.br\/iphc\/iphc-ganham-festa-especial-no-dia-das-criancas\/44283503_505316539967025_6720749023596118016_n\/#main'><img width=\"800\" height=\"533\" src=\"https:\/\/ceak.org.br\/iphc\/wp-content\/uploads\/2018\/10\/44283503_505316539967025_6720749023596118016_n-800x533.jpg\" class=\"attachment-medium size-medium\" alt=\"\" loading=\"lazy\" srcset=\"https:\/\/ceak.org.br\/iphc\/wp-content\/uploads\/2018\/10\/44283503_505316539967025_6720749023596118016_n-800x533.jpg 800w, https:\/\/ceak.org.br\/iphc\/wp-content\/uploads\/2018\/10\/44283503_505316539967025_6720749023596118016_n-768x512.jpg 768w, https:\/\/ceak.org.br\/iphc\/wp-content\/uploads\/2018\/10\/44283503_505316539967025_6720749023596118016_n.jpg 960w\" sizes=\"(max-width: 800px) 100vw, 800px\" \/><\/a>\n\t\t\t<\/dt><\/dl><dl class='gallery-item'>\n\t\t\t<dt class='gallery-icon landscape'>\n\t\t\t\t<a href='https:\/\/ceak.org.br\/iphc\/iphc-ganham-festa-especial-no-dia-das-criancas\/44308826_505312446634101_3473440554509926400_n\/#main'><img width=\"800\" height=\"533\" src=\"https:\/\/ceak.org.br\/iphc\/wp-content\/uploads\/2018\/10\/44308826_505312446634101_3473440554509926400_n-800x533.jpg\" class=\"attachment-medium size-medium\" alt=\"\" loading=\"lazy\" srcset=\"https:\/\/ceak.org.br\/iphc\/wp-content\/uploads\/2018\/10\/44308826_505312446634101_3473440554509926400_n-800x533.jpg 800w, https:\/\/ceak.org.br\/iphc\/wp-content\/uploads\/2018\/10\/44308826_505312446634101_3473440554509926400_n-768x512.jpg 768w, https:\/\/ceak.org.br\/iphc\/wp-content\/uploads\/2018\/10\/44308826_505312446634101_3473440554509926400_n.jpg 960w\" sizes=\"(max-width: 800px) 100vw, 800px\" \/><\/a>\n\t\t\t<\/dt><\/dl><dl class='gallery-item'>\n\t\t\t<dt class='gallery-icon landscape'>\n\t\t\t\t<a href='https:\/\/ceak.org.br\/iphc\/iphc-ganham-festa-especial-no-dia-das-criancas\/44347878_505314999967179_7355413600736903168_n-2\/#main'><img width=\"800\" height=\"533\" src=\"https:\/\/ceak.org.br\/iphc\/wp-content\/uploads\/2018\/10\/44347878_505314999967179_7355413600736903168_n-1-800x533.jpg\" class=\"attachment-medium size-medium\" alt=\"\" loading=\"lazy\" srcset=\"https:\/\/ceak.org.br\/iphc\/wp-content\/uploads\/2018\/10\/44347878_505314999967179_7355413600736903168_n-1-800x533.jpg 800w, https:\/\/ceak.org.br\/iphc\/wp-content\/uploads\/2018\/10\/44347878_505314999967179_7355413600736903168_n-1-768x512.jpg 768w, https:\/\/ceak.org.br\/iphc\/wp-content\/uploads\/2018\/10\/44347878_505314999967179_7355413600736903168_n-1.jpg 960w\" sizes=\"(max-width: 800px) 100vw, 800px\" \/><\/a>\n\t\t\t<\/dt><\/dl><br style=\"clear: both\" \/><dl class='gallery-item'>\n\t\t\t<dt class='gallery-icon landscape'>\n\t\t\t\t<a href='https:\/\/ceak.org.br\/iphc\/iphc-ganham-festa-especial-no-dia-das-criancas\/44351660_505314629967216_6495705811166167040_n\/#main'><img width=\"800\" height=\"533\" src=\"https:\/\/ceak.org.br\/iphc\/wp-content\/uploads\/2018\/10\/44351660_505314629967216_6495705811166167040_n-800x533.jpg\" class=\"attachment-medium size-medium\" alt=\"\" loading=\"lazy\" aria-describedby=\"gallery-1-505\" srcset=\"https:\/\/ceak.org.br\/iphc\/wp-content\/uploads\/2018\/10\/44351660_505314629967216_6495705811166167040_n-800x533.jpg 800w, https:\/\/ceak.org.br\/iphc\/wp-content\/uploads\/2018\/10\/44351660_505314629967216_6495705811166167040_n-768x512.jpg 768w, https:\/\/ceak.org.br\/iphc\/wp-content\/uploads\/2018\/10\/44351660_505314629967216_6495705811166167040_n.jpg 960w\" sizes=\"(max-width: 800px) 100vw, 800px\" \/><\/a>\n\t\t\t<\/dt>\n\t\t\t\t<dd class='wp-caption-text gallery-caption' id='gallery-1-505'>\n\t\t\t\tDivers\u00e3o e Aventura\n\t\t\t\t<\/dd><\/dl><dl class='gallery-item'>\n\t\t\t<dt class='gallery-icon landscape'>\n\t\t\t\t<a href='https:\/\/ceak.org.br\/iphc\/iphc-ganham-festa-especial-no-dia-das-criancas\/44452923_505313243300688_3192504463050932224_n-2\/#main'><img width=\"800\" height=\"533\" src=\"https:\/\/ceak.org.br\/iphc\/wp-content\/uploads\/2018\/10\/44452923_505313243300688_3192504463050932224_n-1-800x533.jpg\" class=\"attachment-medium size-medium\" alt=\"\" loading=\"lazy\" srcset=\"https:\/\/ceak.org.br\/iphc\/wp-content\/uploads\/2018\/10\/44452923_505313243300688_3192504463050932224_n-1-800x533.jpg 800w, https:\/\/ceak.org.br\/iphc\/wp-content\/uploads\/2018\/10\/44452923_505313243300688_3192504463050932224_n-1-768x512.jpg 768w, https:\/\/ceak.org.br\/iphc\/wp-content\/uploads\/2018\/10\/44452923_505313243300688_3192504463050932224_n-1.jpg 960w\" sizes=\"(max-width: 800px) 100vw, 800px\" \/><\/a>\n\t\t\t<\/dt><\/dl><dl class='gallery-item'>\n\t\t\t<dt class='gallery-icon landscape'>\n\t\t\t\t<a href='https:\/\/ceak.org.br\/iphc\/iphc-ganham-festa-especial-no-dia-das-criancas\/diadascriancas_51_redim\/#main'><img width=\"714\" height=\"481\" src=\"https:\/\/ceak.org.br\/iphc\/wp-content\/uploads\/2018\/10\/DiadasCrian\u00e7as_51_redim.jpg\" class=\"attachment-medium size-medium\" alt=\"\" loading=\"lazy\" aria-describedby=\"gallery-1-513\" \/><\/a>\n\t\t\t<\/dt>\n\t\t\t\t<dd class='wp-caption-text gallery-caption' id='gallery-1-513'>\n\t\t\t\tObrigado, Colaboradores!\n\t\t\t\t<\/dd><\/dl><br style=\"clear: both\" \/>\n\t\t<\/div>\n\n","protected":false},"excerpt":{"rendered":"<p>Por: Felipe Guines Fotos: Camila Mour\u00e3o \u201cNuma folha qualquer eu desenho um Sol amarelo\u201d&#8230; com inspira\u00e7\u00e3o nos vibrantes tons da aquarela, com todos os rabiscos e cores da imagina\u00e7\u00e3o, o Dia das Crian\u00e7as teve ainda mais emo\u00e7\u00e3o com uma surpresa realizada por 42 empresas patrocinadoras, num projeto idealizado por Gabriela do @relicariotoparty e Milena do [&hellip;]\n","protected":false},"author":2,"featured_media":480,"comment_status":"open","ping_status":"open","sticky":false,"template":"","format":"standard","meta":[],"categories":[2],"tags":[],"_links":{"self":[{"href":"https:\/\/ceak.org.br\/iphc\/wp-json\/wp\/v2\/posts\/479"}],"collection":[{"href":"https:\/\/ceak.org.br\/iphc\/wp-json\/wp\/v2\/posts"}],"about":[{"href":"https:\/\/ceak.org.br\/iphc\/wp-json\/wp\/v2\/types\/post"}],"author":[{"embeddable":true,"href":"https:\/\/ceak.org.br\/iphc\/wp-json\/wp\/v2\/users\/2"}],"replies":[{"embeddable":true,"href":"https:\/\/ceak.org.br\/iphc\/wp-json\/wp\/v2\/comments?post=479"}],"version-history":[{"count":8,"href":"https:\/\/ceak.org.br\/iphc\/wp-json\/wp\/v2\/posts\/479\/revisions"}],"predecessor-version":[{"id":514,"href":"https:\/\/ceak.org.br\/iphc\/wp-json\/wp\/v2\/posts\/479\/revisions\/514"}],"wp:featuredmedia":[{"embeddable":true,"href":"https:\/\/ceak.org.br\/iphc\/wp-json\/wp\/v2\/media\/480"}],"wp:attachment":[{"href":"https:\/\/ceak.org.br\/iphc\/wp-json\/wp\/v2\/media?parent=479"}],"wp:term":[{"taxonomy":"category","embeddable":true,"href":"https:\/\/ceak.org.br\/iphc\/wp-json\/wp\/v2\/categories?post=479"},{"taxonomy":"post_tag","embeddable":true,"href":"https:\/\/ceak.org.br\/iphc\/wp-json\/wp\/v2\/tags?post=479"}],"curies":[{"name":"wp","href":"https:\/\/api.w.org\/{rel}","templated":true}]}}