{"id":515,"date":"2018-10-30T08:27:53","date_gmt":"2018-10-30T11:27:53","guid":{"rendered":"http:\/\/ceak.org.br\/iphc\/?p=515"},"modified":"2018-10-30T11:12:48","modified_gmt":"2018-10-30T14:12:48","slug":"projeto-zoologico-visita-cultura-rende-premio-ao-iphc","status":"publish","type":"post","link":"https:\/\/ceak.org.br\/iphc\/projeto-zoologico-visita-cultura-rende-premio-ao-iphc\/","title":{"rendered":"Projeto Zool\u00f3gico &#8211; Visita Cultural rende pr\u00eamio ao IPHC"},"content":{"rendered":"<div><\/div>\n<div>\n<p>O\u00a0<strong>Rotary Club de Campinas &#8211; Norte<\/strong>, representado pelo do <strong>Sr.<\/strong> <strong>Mauro Gibson<\/strong>, <strong>colaborador atuante do CEAK,<\/strong> h\u00e1 alguns anos convida o IPHC para participar do\u00a0<strong>Projeto\u00a0 Zool\u00f3gico\/ Visita Cultural<\/strong>\u00a0<strong>e Pedag\u00f3gica<\/strong>\u00a0ao\u00a0<strong>ZooParque<\/strong>, em Itatiba.<\/p>\n<p>Este ano n\u00e3o foi diferente!\u00a0<strong>Foram 68 crian\u00e7as<\/strong>, de 08 a 10 anos, representando o IPHC, e todas se encantaram com a visita ao zool\u00f3gico.<\/p>\n<p>\u00c9 premissa, que ap\u00f3s o passeio, as crian\u00e7as produzam uma reda\u00e7\u00e3o contando o que aprenderam, o que gostaram e como foi a experi\u00eancia para elas.<\/p>\n<p>S\u00e3o diversas escolas participando e, este ano, mais uma vez o\u00a0<strong>IPHC<\/strong>\u00a0se destacou e\u00a0<strong>Marco Vin\u00edcius, do 5\u00ba ano<\/strong>, foi o grande\u00a0<strong>vencedor<\/strong>\u00a0na reda\u00e7\u00e3o.<\/p>\n<p>O jantar para\u00a0<strong>entrega do pr\u00eamio<\/strong>\u00a0aconteceu no dia 24 de outubro e contou com a presen\u00e7a da fam\u00edlia do vencedor, da Professora Ivaneide e da Assistente Social do IPHC, Regina.<\/p>\n<p><strong>Marcos Vin\u00edcius recebeu um diploma de Honra ao M\u00e9rito<\/strong>\u00a0e um presente (uma mochila com livros diversos) e a\u00a0<strong>Professora tamb\u00e9m ganhou o diploma de Honra ao M\u00e9rito<\/strong>\u00a0e um presente (um colar).<\/p>\n<\/div>\n<p>Na ocasi\u00e3o<strong> L\u00edgia Giusti Pereira,<\/strong>\u00a0tamb\u00e9m colaboradora do CEAK, foi <strong>premiada\u00a0pelo seu trabalho na \u00e1rea de medicina preventiva<\/strong> e pela passagem de mais um anivers\u00e1rio.<\/p>\n<div>\n<p><strong>Parab\u00e9ns a todos pelo bel\u00edssimo trabalho e ao Rotary pela iniciativa!<\/strong><\/p>\n<p><strong><em>Confira as fotos do jantar e do passeio. \u00a0<\/em><\/strong><\/p>\n\n\t\t<style type=\"text\/css\">\n\t\t\t#gallery-1 {\n\t\t\t\tmargin: auto;\n\t\t\t}\n\t\t\t#gallery-1 .gallery-item {\n\t\t\t\tfloat: left;\n\t\t\t\tmargin-top: 10px;\n\t\t\t\ttext-align: center;\n\t\t\t\twidth: 33%;\n\t\t\t}\n\t\t\t#gallery-1 img {\n\t\t\t\tborder: 2px solid #cfcfcf;\n\t\t\t}\n\t\t\t#gallery-1 .gallery-caption {\n\t\t\t\tmargin-left: 0;\n\t\t\t}\n\t\t\t\/* see gallery_shortcode() in wp-includes\/media.php *\/\n\t\t<\/style>\n\t\t<div id='gallery-1' class='gallery galleryid-515 gallery-columns-3 gallery-size-thumbnail'><dl class='gallery-item'>\n\t\t\t<dt class='gallery-icon landscape'>\n\t\t\t\t<a href='https:\/\/ceak.org.br\/iphc\/projeto-zoologico-visita-cultura-rende-premio-ao-iphc\/img-20181024-wa0066\/#main'><img width=\"340\" height=\"340\" src=\"https:\/\/ceak.org.br\/iphc\/wp-content\/uploads\/2018\/10\/IMG-20181024-WA0066-340x340.jpg\" class=\"attachment-thumbnail size-thumbnail\" alt=\"\" loading=\"lazy\" aria-describedby=\"gallery-1-517\" \/><\/a>\n\t\t\t<\/dt>\n\t\t\t\t<dd class='wp-caption-text gallery-caption' id='gallery-1-517'>\n\t\t\t\tParab\u00e9ns Marco Vin\u00edcius!\n\t\t\t\t<\/dd><\/dl><dl class='gallery-item'>\n\t\t\t<dt class='gallery-icon landscape'>\n\t\t\t\t<a href='https:\/\/ceak.org.br\/iphc\/projeto-zoologico-visita-cultura-rende-premio-ao-iphc\/img-20181024-wa0065\/#main'><img width=\"340\" height=\"340\" src=\"https:\/\/ceak.org.br\/iphc\/wp-content\/uploads\/2018\/10\/IMG-20181024-WA0065-340x340.jpg\" class=\"attachment-thumbnail size-thumbnail\" alt=\"\" loading=\"lazy\" \/><\/a>\n\t\t\t<\/dt><\/dl><dl class='gallery-item'>\n\t\t\t<dt class='gallery-icon landscape'>\n\t\t\t\t<a href='https:\/\/ceak.org.br\/iphc\/projeto-zoologico-visita-cultura-rende-premio-ao-iphc\/img-20181024-wa0067\/#main'><img width=\"340\" height=\"340\" src=\"https:\/\/ceak.org.br\/iphc\/wp-content\/uploads\/2018\/10\/IMG-20181024-WA0067-340x340.jpg\" class=\"attachment-thumbnail size-thumbnail\" alt=\"\" loading=\"lazy\" \/><\/a>\n\t\t\t<\/dt><\/dl><br style=\"clear: both\" \/><dl class='gallery-item'>\n\t\t\t<dt class='gallery-icon landscape'>\n\t\t\t\t<a href='https:\/\/ceak.org.br\/iphc\/projeto-zoologico-visita-cultura-rende-premio-ao-iphc\/zoo-2-2018_redim\/#main'><img width=\"340\" height=\"340\" src=\"https:\/\/ceak.org.br\/iphc\/wp-content\/uploads\/2018\/10\/Zoo-2-2018_redim-340x340.jpg\" class=\"attachment-thumbnail size-thumbnail\" alt=\"\" loading=\"lazy\" \/><\/a>\n\t\t\t<\/dt><\/dl><dl class='gallery-item'>\n\t\t\t<dt class='gallery-icon portrait'>\n\t\t\t\t<a href='https:\/\/ceak.org.br\/iphc\/projeto-zoologico-visita-cultura-rende-premio-ao-iphc\/zoo-3-2018_redim\/#main'><img width=\"340\" height=\"340\" src=\"https:\/\/ceak.org.br\/iphc\/wp-content\/uploads\/2018\/10\/Zoo-3-2018_redim-340x340.jpg\" class=\"attachment-thumbnail size-thumbnail\" alt=\"\" loading=\"lazy\" \/><\/a>\n\t\t\t<\/dt><\/dl><dl class='gallery-item'>\n\t\t\t<dt class='gallery-icon landscape'>\n\t\t\t\t<a href='https:\/\/ceak.org.br\/iphc\/projeto-zoologico-visita-cultura-rende-premio-ao-iphc\/zoo-2018_redim\/#main'><img width=\"340\" height=\"340\" src=\"https:\/\/ceak.org.br\/iphc\/wp-content\/uploads\/2018\/10\/Zoo-2018_redim-340x340.jpg\" class=\"attachment-thumbnail size-thumbnail\" alt=\"\" loading=\"lazy\" \/><\/a>\n\t\t\t<\/dt><\/dl><br style=\"clear: both\" \/>\n\t\t<\/div><\/div>\n<div><\/div>\n","protected":false},"excerpt":{"rendered":"<p>O\u00a0Rotary Club de Campinas &#8211; Norte, representado pelo do Sr. Mauro Gibson, colaborador atuante do CEAK, h\u00e1 alguns anos convida o IPHC para participar do\u00a0Projeto\u00a0 Zool\u00f3gico\/ Visita Cultural\u00a0e Pedag\u00f3gica\u00a0ao\u00a0ZooParque, em Itatiba. Este ano n\u00e3o foi diferente!\u00a0Foram 68 crian\u00e7as, de 08 a 10 anos, representando o IPHC, e todas se encantaram com a visita ao zool\u00f3gico. [&hellip;]\n","protected":false},"author":2,"featured_media":517,"comment_status":"open","ping_status":"open","sticky":false,"template":"","format":"standard","meta":[],"categories":[2],"tags":[],"_links":{"self":[{"href":"https:\/\/ceak.org.br\/iphc\/wp-json\/wp\/v2\/posts\/515"}],"collection":[{"href":"https:\/\/ceak.org.br\/iphc\/wp-json\/wp\/v2\/posts"}],"about":[{"href":"https:\/\/ceak.org.br\/iphc\/wp-json\/wp\/v2\/types\/post"}],"author":[{"embeddable":true,"href":"https:\/\/ceak.org.br\/iphc\/wp-json\/wp\/v2\/users\/2"}],"replies":[{"embeddable":true,"href":"https:\/\/ceak.org.br\/iphc\/wp-json\/wp\/v2\/comments?post=515"}],"version-history":[{"count":12,"href":"https:\/\/ceak.org.br\/iphc\/wp-json\/wp\/v2\/posts\/515\/revisions"}],"predecessor-version":[{"id":533,"href":"https:\/\/ceak.org.br\/iphc\/wp-json\/wp\/v2\/posts\/515\/revisions\/533"}],"wp:featuredmedia":[{"embeddable":true,"href":"https:\/\/ceak.org.br\/iphc\/wp-json\/wp\/v2\/media\/517"}],"wp:attachment":[{"href":"https:\/\/ceak.org.br\/iphc\/wp-json\/wp\/v2\/media?parent=515"}],"wp:term":[{"taxonomy":"category","embeddable":true,"href":"https:\/\/ceak.org.br\/iphc\/wp-json\/wp\/v2\/categories?post=515"},{"taxonomy":"post_tag","embeddable":true,"href":"https:\/\/ceak.org.br\/iphc\/wp-json\/wp\/v2\/tags?post=515"}],"curies":[{"name":"wp","href":"https:\/\/api.w.org\/{rel}","templated":true}]}}