{"id":567,"date":"2019-10-24T12:38:34","date_gmt":"2019-10-24T15:38:34","guid":{"rendered":"https:\/\/ceak.org.br\/iphc\/?p=567"},"modified":"2019-10-28T17:31:40","modified_gmt":"2019-10-28T20:31:40","slug":"um-dia-especial-no-iphc","status":"publish","type":"post","link":"https:\/\/ceak.org.br\/iphc\/um-dia-especial-no-iphc\/","title":{"rendered":"Um dia especial no IPHC"},"content":{"rendered":"<p>O m\u00eas de outubro foi especialmente marcante para as 220 crian\u00e7as do IPHC que receberam um presente muito especial, no dia 17 de outubro, em comemora\u00e7\u00e3o ao <strong>Dia das Crian\u00e7as<\/strong>. Diversas institui\u00e7\u00f5es, empresas, volunt\u00e1rios e funcion\u00e1rios se envolveram para proporcionar aos pequenos um <strong>dia inesquec\u00edvel<\/strong>. E foi!<\/p>\n<p>O <strong>IPHC<\/strong> <strong>agradece<\/strong> <strong>a todos, com muito carinho, por este grande presente.<\/strong><\/p>\n<p>Deixamos aqui o nosso <strong>agradecimento especial \u00e0 <a href=\"https:\/\/www.facebook.com\/festejarexpokids\/\">Festejar Expo Kids<\/a><\/strong> que promoveu essa grande festa e reuniu, num s\u00f3 lugar, profissionais dedicados\u00a0 e comprometidos!<\/p>\n<p>Veja como foi! \u00c9 rapidinho, mas o suficiente para sentir a emo\u00e7\u00e3o de todos!<\/p>\n<p>Assista agora.<a href=\"https:\/\/drive.google.com\/file\/d\/1Tc6h5bstDaymwQ0JEiMOphHFt_ei2WDC\/view?usp=sharing\"> Clique aqui!<\/a><\/p>\n<p><em><strong>V\u00eddeo de autoria de Festejar Expo Kids<\/strong><\/em><\/p>\n","protected":false},"excerpt":{"rendered":"<p>O m\u00eas de outubro foi especialmente marcante para as 220 crian\u00e7as do IPHC que receberam um presente muito especial, no dia 17 de outubro, em comemora\u00e7\u00e3o ao Dia das Crian\u00e7as. Diversas institui\u00e7\u00f5es, empresas, volunt\u00e1rios e funcion\u00e1rios se envolveram para proporcionar aos pequenos um dia inesquec\u00edvel. E foi! O IPHC agradece a todos, com muito carinho, [&hellip;]\n","protected":false},"author":2,"featured_media":568,"comment_status":"open","ping_status":"open","sticky":false,"template":"","format":"standard","meta":[],"categories":[2],"tags":[8,9],"_links":{"self":[{"href":"https:\/\/ceak.org.br\/iphc\/wp-json\/wp\/v2\/posts\/567"}],"collection":[{"href":"https:\/\/ceak.org.br\/iphc\/wp-json\/wp\/v2\/posts"}],"about":[{"href":"https:\/\/ceak.org.br\/iphc\/wp-json\/wp\/v2\/types\/post"}],"author":[{"embeddable":true,"href":"https:\/\/ceak.org.br\/iphc\/wp-json\/wp\/v2\/users\/2"}],"replies":[{"embeddable":true,"href":"https:\/\/ceak.org.br\/iphc\/wp-json\/wp\/v2\/comments?post=567"}],"version-history":[{"count":7,"href":"https:\/\/ceak.org.br\/iphc\/wp-json\/wp\/v2\/posts\/567\/revisions"}],"predecessor-version":[{"id":575,"href":"https:\/\/ceak.org.br\/iphc\/wp-json\/wp\/v2\/posts\/567\/revisions\/575"}],"wp:featuredmedia":[{"embeddable":true,"href":"https:\/\/ceak.org.br\/iphc\/wp-json\/wp\/v2\/media\/568"}],"wp:attachment":[{"href":"https:\/\/ceak.org.br\/iphc\/wp-json\/wp\/v2\/media?parent=567"}],"wp:term":[{"taxonomy":"category","embeddable":true,"href":"https:\/\/ceak.org.br\/iphc\/wp-json\/wp\/v2\/categories?post=567"},{"taxonomy":"post_tag","embeddable":true,"href":"https:\/\/ceak.org.br\/iphc\/wp-json\/wp\/v2\/tags?post=567"}],"curies":[{"name":"wp","href":"https:\/\/api.w.org\/{rel}","templated":true}]}}