{"id":577,"date":"2020-03-23T19:27:34","date_gmt":"2020-03-23T22:27:34","guid":{"rendered":"https:\/\/ceak.org.br\/iphc\/?p=577"},"modified":"2020-09-26T11:26:26","modified_gmt":"2020-09-26T14:26:26","slug":"suspensao-da-atividades-do-iphc","status":"publish","type":"post","link":"https:\/\/ceak.org.br\/iphc\/suspensao-da-atividades-do-iphc\/","title":{"rendered":"Suspens\u00e3o da Atividades do IPHC &#8211; Educa\u00e7\u00e3o Infantil e SCFV\/LAR: 2021"},"content":{"rendered":"<p>Em virtude da declara\u00e7\u00e3o feita pela Organiza\u00e7\u00e3o Mundial de sa\u00fade (OMS) classificando a situa\u00e7\u00e3o do COVID-19 como Pandemia, somando \u00e0s orienta\u00e7\u00f5es do Poder P\u00fablico e, pautados pelos princ\u00edpios \u00e9ticos, humanos e de respeito \u00e0 vida, <strong>informamos a suspens\u00e3o das atividades do INSTITUTO POPULAR HUMBERTO DE CAMPOS por tempo indeterminado.<\/strong><\/p>\n<p>Ficam suspensas tamb\u00e9m as atividades das seguintes \u00e1reas:<\/p>\n<ul>\n<li>Ambulat\u00f3rio M\u00e9dico\/Odontol\u00f3gico<\/li>\n<li>Dispens\u00e1rio de Medicamentos (farm\u00e1cia)<\/li>\n<li>Empr\u00e9stimo de \u00f3rteses<\/li>\n<li>Cantina<\/li>\n<li>Artesanato<\/li>\n<li>TUDO SERVE:\n<ul>\n<li>Lojas e Bazares<\/li>\n<li>Coletas<\/li>\n<\/ul>\n<\/li>\n<\/ul>\n<p><span style=\"text-decoration: underline;\"><span style=\"color: #800080;\"><strong>ATIVIDADE EDUCA\u00c7\u00c3O INFANTIL E SCFV\/LAR<\/strong><\/span><\/span><\/p>\n<p>De acordo com o DECRETO N\u00daMERO 21.060, DE 15 DE SETEMBRO DE 2020, informamos que\u00a0<strong>a Educa\u00e7\u00e3o B\u00e1sica, incluindo a Educa\u00e7\u00e3o Infantil e os Servi\u00e7os de Conviv\u00eancia e Fortalecimento de V\u00ednculo\/LAR, n\u00e3o ter\u00e3o as atividades presenciais retomadas no ano letivo de 2020<\/strong>, mantendo-se o ensino na modalidade a dist\u00e2ncia.<\/p>\n<p><strong>A EDUCA\u00c7\u00c3O INFANTIL DO IPHC e SCFV\/LAR retornar\u00e3o, portanto, com as atividades presenciais <span style=\"text-decoration: underline;\">em 2021.<\/span><\/strong><\/p>\n<p>Solicitamos que acompanhem as atualiza\u00e7\u00f5es sobre essas informa\u00e7\u00f5es, bem como o retorno das nossas atividades pelos nossos canais oficiais de comunica\u00e7\u00e3o:<\/p>\n<p style=\"text-align: center;\"><a href=\"http:\/\/www.ceak.org.br\/iphc\">www.ceak.org.br\/iphc<\/a><\/p>\n<p style=\"text-align: center;\"><a href=\"http:\/\/facebook.com\/institutopopularhumbertodecampos\">facebook.com\/institutopopularhumbertodecampos<\/a><\/p>\n","protected":false},"excerpt":{"rendered":"<p>Em virtude da declara\u00e7\u00e3o feita pela Organiza\u00e7\u00e3o Mundial de sa\u00fade (OMS) classificando a situa\u00e7\u00e3o do COVID-19 como Pandemia, somando \u00e0s orienta\u00e7\u00f5es do Poder P\u00fablico e, pautados pelos princ\u00edpios \u00e9ticos, humanos e de respeito \u00e0 vida, informamos a suspens\u00e3o das atividades do INSTITUTO POPULAR HUMBERTO DE CAMPOS por tempo indeterminado. Ficam suspensas tamb\u00e9m as atividades das [&hellip;]\n","protected":false},"author":2,"featured_media":644,"comment_status":"open","ping_status":"open","sticky":false,"template":"","format":"standard","meta":[],"categories":[10],"tags":[11,14,12,15,13],"_links":{"self":[{"href":"https:\/\/ceak.org.br\/iphc\/wp-json\/wp\/v2\/posts\/577"}],"collection":[{"href":"https:\/\/ceak.org.br\/iphc\/wp-json\/wp\/v2\/posts"}],"about":[{"href":"https:\/\/ceak.org.br\/iphc\/wp-json\/wp\/v2\/types\/post"}],"author":[{"embeddable":true,"href":"https:\/\/ceak.org.br\/iphc\/wp-json\/wp\/v2\/users\/2"}],"replies":[{"embeddable":true,"href":"https:\/\/ceak.org.br\/iphc\/wp-json\/wp\/v2\/comments?post=577"}],"version-history":[{"count":5,"href":"https:\/\/ceak.org.br\/iphc\/wp-json\/wp\/v2\/posts\/577\/revisions"}],"predecessor-version":[{"id":643,"href":"https:\/\/ceak.org.br\/iphc\/wp-json\/wp\/v2\/posts\/577\/revisions\/643"}],"wp:featuredmedia":[{"embeddable":true,"href":"https:\/\/ceak.org.br\/iphc\/wp-json\/wp\/v2\/media\/644"}],"wp:attachment":[{"href":"https:\/\/ceak.org.br\/iphc\/wp-json\/wp\/v2\/media?parent=577"}],"wp:term":[{"taxonomy":"category","embeddable":true,"href":"https:\/\/ceak.org.br\/iphc\/wp-json\/wp\/v2\/categories?post=577"},{"taxonomy":"post_tag","embeddable":true,"href":"https:\/\/ceak.org.br\/iphc\/wp-json\/wp\/v2\/tags?post=577"}],"curies":[{"name":"wp","href":"https:\/\/api.w.org\/{rel}","templated":true}]}}