{"id":742,"date":"2022-05-04T16:19:14","date_gmt":"2022-05-04T19:19:14","guid":{"rendered":"https:\/\/ceak.org.br\/iphc\/?p=742"},"modified":"2022-05-04T16:19:15","modified_gmt":"2022-05-04T19:19:15","slug":"parabens-iphc-84-anos-de-historia","status":"publish","type":"post","link":"https:\/\/ceak.org.br\/iphc\/parabens-iphc-84-anos-de-historia\/","title":{"rendered":"Parab\u00e9ns, IPHC! 84 anos de hist\u00f3ria"},"content":{"rendered":"<p class=\"has-drop-cap\"><strong>Neste m\u00eas de maio<\/strong>, o<strong> Instituto Popular Humberto de Campos, o IPHC<\/strong>, completa <strong>84 anos<\/strong> de plena atividade voltada \u00e0 educa\u00e7\u00e3o e assist\u00eancia social. Voc\u00ea conhece o IPHC? Sabe como surgiu?<\/p>\n<p><strong>Criatividade, vontade e muita disposi\u00e7\u00e3o<\/strong>. Essas foram as alavancas que levaram \u00e0 funda\u00e7\u00e3o do IPHC por <strong>Gustavo Marcondes<\/strong>, um idealista que acreditava na forma\u00e7\u00e3o integral do Ser atrav\u00e9s da educa\u00e7\u00e3o. Por isso, o seu foco sempre esteve em promover instru\u00e7\u00e3o a jovens e crian\u00e7as oferecendo, al\u00e9m do estudo e cursos profissionalizantes, assist\u00eancia material para os que mais precisavam, como roupas e alimentos.<\/p>\n<p>Hoje, com 84 anos, o IPHC continua com o mesmo prop\u00f3sito. S\u00e3o:<\/p>\n<ul>\n<li>220 crian\u00e7as atendidas, por ano, em per\u00edodo integral e apoio sociofamiliar;<\/li>\n<li>Mais de 10 mil pessoas beneficiadas;<\/li>\n<li>Empr\u00e9stimos de produtos ortop\u00e9dicos e hospitalares;<\/li>\n<li>Doa\u00e7\u00e3o de rem\u00e9dios;<\/li>\n<li>Mais de uma centena de colaboradores (contratados e volunt\u00e1rios), envolvidas nos trabalhos,<\/li>\n<\/ul>\n<p>mas quem tamb\u00e9m faz o IPHC acontecer \u00e9 <strong>VOC\u00ca<\/strong>, amigo (a), que auxilia com as doa\u00e7\u00f5es, aquisi\u00e7\u00e3o dos produtos das nossas lojas e na divulga\u00e7\u00e3o do nosso trabalho.<\/p>\n<p>Portanto, esse <strong>PARAB\u00c9NS <\/strong>vai para todos que, ao longo de 84 anos passaram e passam pelo nosso Instituto ajudando a manter esse ideal vivo e firme na sua miss\u00e3o.<\/p>\n","protected":false},"excerpt":{"rendered":"<p>Neste m\u00eas de maio, o Instituto Popular Humberto de Campos, o IPHC, completa 84 anos de plena atividade voltada \u00e0 educa\u00e7\u00e3o e assist\u00eancia social. Voc\u00ea conhece o IPHC? Sabe como surgiu?<\/p>\n","protected":false},"author":2,"featured_media":743,"comment_status":"open","ping_status":"open","sticky":false,"template":"","format":"standard","meta":[],"categories":[10,2],"tags":[],"_links":{"self":[{"href":"https:\/\/ceak.org.br\/iphc\/wp-json\/wp\/v2\/posts\/742"}],"collection":[{"href":"https:\/\/ceak.org.br\/iphc\/wp-json\/wp\/v2\/posts"}],"about":[{"href":"https:\/\/ceak.org.br\/iphc\/wp-json\/wp\/v2\/types\/post"}],"author":[{"embeddable":true,"href":"https:\/\/ceak.org.br\/iphc\/wp-json\/wp\/v2\/users\/2"}],"replies":[{"embeddable":true,"href":"https:\/\/ceak.org.br\/iphc\/wp-json\/wp\/v2\/comments?post=742"}],"version-history":[{"count":2,"href":"https:\/\/ceak.org.br\/iphc\/wp-json\/wp\/v2\/posts\/742\/revisions"}],"predecessor-version":[{"id":745,"href":"https:\/\/ceak.org.br\/iphc\/wp-json\/wp\/v2\/posts\/742\/revisions\/745"}],"wp:featuredmedia":[{"embeddable":true,"href":"https:\/\/ceak.org.br\/iphc\/wp-json\/wp\/v2\/media\/743"}],"wp:attachment":[{"href":"https:\/\/ceak.org.br\/iphc\/wp-json\/wp\/v2\/media?parent=742"}],"wp:term":[{"taxonomy":"category","embeddable":true,"href":"https:\/\/ceak.org.br\/iphc\/wp-json\/wp\/v2\/categories?post=742"},{"taxonomy":"post_tag","embeddable":true,"href":"https:\/\/ceak.org.br\/iphc\/wp-json\/wp\/v2\/tags?post=742"}],"curies":[{"name":"wp","href":"https:\/\/api.w.org\/{rel}","templated":true}]}}