{"id":915,"date":"2024-03-15T18:25:49","date_gmt":"2024-03-15T21:25:49","guid":{"rendered":"https:\/\/ceak.org.br\/iphc\/?p=915"},"modified":"2024-03-15T18:25:49","modified_gmt":"2024-03-15T21:25:49","slug":"lembranca-iphc","status":"publish","type":"post","link":"https:\/\/ceak.org.br\/iphc\/lembranca-iphc\/","title":{"rendered":"Lembran\u00e7a IPHC"},"content":{"rendered":"<p>Voc\u00ea estudou no Instituto Popular Humberto de Campos (IPHC)?&nbsp;<strong>Foi crian\u00e7a do LAR? Fez curso de datilografia, corte e costura, infantil,&nbsp;supletivo? Trabalhou conosco? Foi volunt\u00e1rio?&nbsp;<\/strong>Se sim, temos um convite para fazer a voc\u00ea!<\/p>\n<p><strong>O IPHC completa 86 anos em 2024<\/strong> e, para comemorar essa data t\u00e3o importante, contamos com sua participa\u00e7\u00e3o! <\/p>\n<p>Se o Instituto, em algum momento fez parte da sua vida, envie para n\u00f3s um depoimento, uma foto ou v\u00eddeo (m\u00e1ximo 30 segundos) contando um pouco da sua hist\u00f3ria conosco, o valor e o impacto dessa lembran\u00e7a na sua vida, que iremos adorar conhecer!<\/p>\n<p>Celebre com a gente compartilhando suas melhores\u00a0lembran\u00e7as!<\/p>\n<p><a href=\"https:\/\/forms.gle\/RxRcQ34Abg5nTSet5\" target=\"_blank\" rel=\"noreferrer noopener\"><strong>Acesse o link aqui!<\/strong><\/a><\/p>\n","protected":false},"excerpt":{"rendered":"<p>Voc\u00ea estudou no Instituto Popular Humberto de Campos (IPHC)?&nbsp;Foi crian\u00e7a do LAR? Fez curso de datilografia, corte e costura, infantil,&nbsp;supletivo? Trabalhou conosco? Foi volunt\u00e1rio?&nbsp;Se sim, temos um convite para fazer a voc\u00ea! O IPHC completa 86 anos em 2024 e, para comemorar essa data t\u00e3o importante, contamos com sua participa\u00e7\u00e3o! Se o Instituto, em algum [&hellip;]\n","protected":false},"author":2,"featured_media":916,"comment_status":"open","ping_status":"open","sticky":false,"template":"","format":"standard","meta":[],"categories":[2],"tags":[],"_links":{"self":[{"href":"https:\/\/ceak.org.br\/iphc\/wp-json\/wp\/v2\/posts\/915"}],"collection":[{"href":"https:\/\/ceak.org.br\/iphc\/wp-json\/wp\/v2\/posts"}],"about":[{"href":"https:\/\/ceak.org.br\/iphc\/wp-json\/wp\/v2\/types\/post"}],"author":[{"embeddable":true,"href":"https:\/\/ceak.org.br\/iphc\/wp-json\/wp\/v2\/users\/2"}],"replies":[{"embeddable":true,"href":"https:\/\/ceak.org.br\/iphc\/wp-json\/wp\/v2\/comments?post=915"}],"version-history":[{"count":1,"href":"https:\/\/ceak.org.br\/iphc\/wp-json\/wp\/v2\/posts\/915\/revisions"}],"predecessor-version":[{"id":917,"href":"https:\/\/ceak.org.br\/iphc\/wp-json\/wp\/v2\/posts\/915\/revisions\/917"}],"wp:featuredmedia":[{"embeddable":true,"href":"https:\/\/ceak.org.br\/iphc\/wp-json\/wp\/v2\/media\/916"}],"wp:attachment":[{"href":"https:\/\/ceak.org.br\/iphc\/wp-json\/wp\/v2\/media?parent=915"}],"wp:term":[{"taxonomy":"category","embeddable":true,"href":"https:\/\/ceak.org.br\/iphc\/wp-json\/wp\/v2\/categories?post=915"},{"taxonomy":"post_tag","embeddable":true,"href":"https:\/\/ceak.org.br\/iphc\/wp-json\/wp\/v2\/tags?post=915"}],"curies":[{"name":"wp","href":"https:\/\/api.w.org\/{rel}","templated":true}]}}